{"id":39667,"date":"2026-04-29T08:04:24","date_gmt":"2026-04-29T11:04:24","guid":{"rendered":"https:\/\/lametro989.com\/?p=39667"},"modified":"2026-04-29T08:04:24","modified_gmt":"2026-04-29T11:04:24","slug":"el-gobernador-zdero-pidio-responsabilidad-de-los-padres-ante-las-amenazas-escolares","status":"publish","type":"post","link":"https:\/\/lametro989.com\/?p=39667","title":{"rendered":"El Gobernador Zdero pidi\u00f3 responsabilidad de los padres ante las amenazas escolares"},"content":{"rendered":"\n<p>&#8220;Es triste y lamentable, pero este tiene que ser un trabajo de todos, no solamente de quienes est\u00e1n en las aulas&#8221;, expres\u00f3 el gobernador.<\/p>\n\n\n\n<figure class=\"wp-block-image size-full\"><img loading=\"lazy\" decoding=\"async\" width=\"333\" height=\"220\" src=\"https:\/\/lametro989.com\/wp-content\/uploads\/2026\/04\/image-314.png\" alt=\"\" class=\"wp-image-39669\" srcset=\"https:\/\/lametro989.com\/wp-content\/uploads\/2026\/04\/image-314.png 333w, https:\/\/lametro989.com\/wp-content\/uploads\/2026\/04\/image-314-300x198.png 300w\" sizes=\"auto, (max-width: 333px) 100vw, 333px\" \/><\/figure>\n\n\n\n<p>El gobernador Leandro Zdero calific\u00f3 como &#8220;triste y lamentable&#8221; las recientes amenazas de tiroteos que ocurrieron en distintos establecimientos educativos de la provincia. En di\u00e1logo con Diario TAG, se\u00f1al\u00f3 que es indispensable que los padres y las familias concienticen a los ni\u00f1os sobre la gravedad de estos hechos.<\/p>\n\n\n\n<p>Durante la ma\u00f1ana de este martes, el mandatario provincial reflexion\u00f3 sobre los episodios de violencia registrados en las escuelas y explic\u00f3 que la intenci\u00f3n no es que&nbsp;<strong>los docentes deban revisar las mochilas de los alumnos<\/strong>, sino que sean los padres quienes colaboren para que los menores tomen conciencia.<ins><\/ins><\/p>\n\n\n\n<p>&#8220;Es triste y lamentable, pero este tiene que ser un trabajo de todos, no solamente de quienes est\u00e1n en las aulas&#8221;, expres\u00f3 el gobernador.<\/p>\n\n\n\n<p>Luego, se refiri\u00f3 al rol de los tutores y afirm\u00f3: &#8220;Esto tiene que ser una toma de conciencia de la casa, de lo que significa la comunidad educativa, de lo que significa el respeto al docente, el respeto a los compa\u00f1eros y esto tenemos que colaborar todos los papas desde la casa&#8221;.<\/p>\n\n\n\n<p>Adem\u00e1s, dej\u00f3 en claro que la Polic\u00eda est\u00e1 llevando adelante todas las diligencias necesarias para reducir los riesgos y garantizar que las escuelas sigan siendo espacios seguros. &#8220;Nosotros estamos trabajando fuertemente, a trav\u00e9s de todos los mecanismos de control, de Ciberdelitos, y<strong>&nbsp;con la Polic\u00eda porque esta es una problem\u00e1tica que nos incluye a todos&#8221;.<\/strong><\/p>\n","protected":false},"excerpt":{"rendered":"<p>&#8220;Es triste y lamentable, pero este tiene que ser un trabajo de todos, no solamente de quienes est\u00e1n en las aulas&#8221;, expres\u00f3 el gobernador. El&hellip; <\/p>\n","protected":false},"author":2,"featured_media":39669,"comment_status":"open","ping_status":"open","sticky":false,"template":"","format":"standard","meta":{"footnotes":""},"categories":[9,2],"tags":[],"class_list":["post-39667","post","type-post","status-publish","format-standard","has-post-thumbnail","hentry","category-destacadas","category-provinciales"],"_links":{"self":[{"href":"https:\/\/lametro989.com\/index.php?rest_route=\/wp\/v2\/posts\/39667","targetHints":{"allow":["GET"]}}],"collection":[{"href":"https:\/\/lametro989.com\/index.php?rest_route=\/wp\/v2\/posts"}],"about":[{"href":"https:\/\/lametro989.com\/index.php?rest_route=\/wp\/v2\/types\/post"}],"author":[{"embeddable":true,"href":"https:\/\/lametro989.com\/index.php?rest_route=\/wp\/v2\/users\/2"}],"replies":[{"embeddable":true,"href":"https:\/\/lametro989.com\/index.php?rest_route=%2Fwp%2Fv2%2Fcomments&post=39667"}],"version-history":[{"count":1,"href":"https:\/\/lametro989.com\/index.php?rest_route=\/wp\/v2\/posts\/39667\/revisions"}],"predecessor-version":[{"id":39670,"href":"https:\/\/lametro989.com\/index.php?rest_route=\/wp\/v2\/posts\/39667\/revisions\/39670"}],"wp:featuredmedia":[{"embeddable":true,"href":"https:\/\/lametro989.com\/index.php?rest_route=\/wp\/v2\/media\/39669"}],"wp:attachment":[{"href":"https:\/\/lametro989.com\/index.php?rest_route=%2Fwp%2Fv2%2Fmedia&parent=39667"}],"wp:term":[{"taxonomy":"category","embeddable":true,"href":"https:\/\/lametro989.com\/index.php?rest_route=%2Fwp%2Fv2%2Fcategories&post=39667"},{"taxonomy":"post_tag","embeddable":true,"href":"https:\/\/lametro989.com\/index.php?rest_route=%2Fwp%2Fv2%2Ftags&post=39667"}],"curies":[{"name":"wp","href":"https:\/\/api.w.org\/{rel}","templated":true}]}}