{"id":39671,"date":"2026-04-29T08:08:14","date_gmt":"2026-04-29T11:08:14","guid":{"rendered":"https:\/\/lametro989.com\/?p=39671"},"modified":"2026-04-29T08:08:14","modified_gmt":"2026-04-29T11:08:14","slug":"nueva-regla-en-el-futbol-expulsaran-a-jugadores-que-se-tapen-la-boca-para-hablarle-a-un-rival","status":"publish","type":"post","link":"https:\/\/lametro989.com\/?p=39671","title":{"rendered":"Nueva regla en el f\u00fatbol: expulsar\u00e1n a jugadores que se tapen la boca para hablarle a un rival"},"content":{"rendered":"\n<p>Se aplicar\u00e1 desde el Mundial y busca evitarse posibles casos de discriminaci\u00f3n.<\/p>\n\n\n\n<figure class=\"wp-block-image size-full\"><img loading=\"lazy\" decoding=\"async\" width=\"790\" height=\"444\" src=\"https:\/\/lametro989.com\/wp-content\/uploads\/2026\/04\/image-315.png\" alt=\"\" class=\"wp-image-39672\" srcset=\"https:\/\/lametro989.com\/wp-content\/uploads\/2026\/04\/image-315.png 790w, https:\/\/lametro989.com\/wp-content\/uploads\/2026\/04\/image-315-300x169.png 300w, https:\/\/lametro989.com\/wp-content\/uploads\/2026\/04\/image-315-768x432.png 768w\" sizes=\"auto, (max-width: 790px) 100vw, 790px\" \/><\/figure>\n\n\n\n<p>La entidad anunci\u00f3 cambios en el reglamento para la Copa del Mundo. Los jugadores que se tapen la boca para enfrentarse a rivales ser\u00e1n expulsados.<\/p>\n\n\n\n<p>El escandaloso episodio entre Gianluca Prestianni y Vinicius en la Champions League, que deriv\u00f3 en una dur\u00edsima sanci\u00f3n para el mediocampista argentino tras la denuncia de insulto racista, abri\u00f3 una fuerte discusi\u00f3n interna en la FIFA. Incluso, termina en una nueva regla para el Mundial 2026.<\/p>\n\n\n\n<p>En el marco del congreso de la Federaci\u00f3n en Vancouver, los directivos debatieron modificaciones en el reglamento para castigar casos de esta magnitud durante la Copa del Mundo. A partir de ahora, sancionar\u00e1 con tarjeta roja a los futbolistas que se cubran la boca para enfrentarse a un rival durante el Mundial 2026. &#8220;IFAB aprueba por unanimidad tarjeta roja para jugadores que cubran sus bocas para ocultar comportamiento discriminatorio&#8221;, expresaron desde la entidad. Y agregaron: &#8220;En una Reuni\u00f3n Especial celebrada en Vancouver, Canad\u00e1, el IFAB aprob\u00f3 por unanimidad dos enmiendas a las Leyes propuestas por la FIFA para abordar el comportamiento discriminatorio e inapropiado&#8221;.<\/p>\n\n\n\n<p>&#8220;A discreci\u00f3n del organizador de la competici\u00f3n, se podr\u00e1 sancionar con tarjeta roja a los jugadores que se tapen la boca cuando se encaren a un adversario&#8221;, informaron en un comunicado.<\/p>\n\n\n\n<p>Por otra parte, otra de las reglas que aprobaron es castigar con expulsi\u00f3n inmediata a los jugadores que salgan del campo de juego en protesta por decisiones arbitrales &#8220;o a los miembros del cuerpo t\u00e9cnico que los exhorten a hacerlo&#8221;. &#8220;En un principio, se declarar\u00e1 la derrota del equipo que provoque que se suspenda el partido&#8221;, advirtieron desde la FIFA.<\/p>\n\n\n\n<p>Esta nueva regla es en respuesta al esc\u00e1ndalo en la final de la Copa Africana de Naciones. En aquel encuentro en enero, Senegal se retir\u00f3 de la cancha tras la sanci\u00f3n de un penal en contra. Luego los futbolistas regresaron, Brah\u00edm D\u00edaz fall\u00f3 su remate y los senegaleses finalmente ganaron por 1-0. Sin embargo, dos meses despu\u00e9s, la CAF declar\u00f3 campe\u00f3n a Marruecos, en un fallo escandaloso que sigue en disputa y lleg\u00f3 al TAS.<\/p>\n\n\n\n<p>Estas reglas se suman a otras que ya hab\u00eda anunciado la FIFA, que alcanzan al VAR, las sustituciones, la gesti\u00f3n de tiempo de los saques y la atenci\u00f3n m\u00e9dica. La intenci\u00f3n de la Federaci\u00f3n es evitar p\u00e9rdidas de tiempo, agilizar los partidos, sancionar los cambios lentos y priorizar el tiempo efectivo de juego a lo largo de la Copa del Mundo.<\/p>\n\n\n\n<p>El Mundial 2026 comenzar\u00e1 el pr\u00f3ximo 11 de junio, con el duelo entre M\u00e9xico y Sud\u00e1frica, por el Grupo A, en el m\u00edtico estadio Azteca. La gran final del certamen ser\u00e1 el 19 de julio en el MetLife Stadium de Nueva Jersey.<\/p>\n\n\n\n<p>La Selecci\u00f3n Argentina con Argelia, Austria y Jordania. El estreno de la Albiceleste ser\u00e1 frente al conjunto argelino, el 16 de junio, en el l Arrowhead Stadium de Kansas.<\/p>\n","protected":false},"excerpt":{"rendered":"<p>Se aplicar\u00e1 desde el Mundial y busca evitarse posibles casos de discriminaci\u00f3n. La entidad anunci\u00f3 cambios en el reglamento para la Copa del Mundo. Los&hellip; <\/p>\n","protected":false},"author":2,"featured_media":39672,"comment_status":"open","ping_status":"open","sticky":false,"template":"","format":"standard","meta":{"footnotes":""},"categories":[10],"tags":[],"class_list":["post-39671","post","type-post","status-publish","format-standard","has-post-thumbnail","hentry","category-deportes"],"_links":{"self":[{"href":"https:\/\/lametro989.com\/index.php?rest_route=\/wp\/v2\/posts\/39671","targetHints":{"allow":["GET"]}}],"collection":[{"href":"https:\/\/lametro989.com\/index.php?rest_route=\/wp\/v2\/posts"}],"about":[{"href":"https:\/\/lametro989.com\/index.php?rest_route=\/wp\/v2\/types\/post"}],"author":[{"embeddable":true,"href":"https:\/\/lametro989.com\/index.php?rest_route=\/wp\/v2\/users\/2"}],"replies":[{"embeddable":true,"href":"https:\/\/lametro989.com\/index.php?rest_route=%2Fwp%2Fv2%2Fcomments&post=39671"}],"version-history":[{"count":1,"href":"https:\/\/lametro989.com\/index.php?rest_route=\/wp\/v2\/posts\/39671\/revisions"}],"predecessor-version":[{"id":39673,"href":"https:\/\/lametro989.com\/index.php?rest_route=\/wp\/v2\/posts\/39671\/revisions\/39673"}],"wp:featuredmedia":[{"embeddable":true,"href":"https:\/\/lametro989.com\/index.php?rest_route=\/wp\/v2\/media\/39672"}],"wp:attachment":[{"href":"https:\/\/lametro989.com\/index.php?rest_route=%2Fwp%2Fv2%2Fmedia&parent=39671"}],"wp:term":[{"taxonomy":"category","embeddable":true,"href":"https:\/\/lametro989.com\/index.php?rest_route=%2Fwp%2Fv2%2Fcategories&post=39671"},{"taxonomy":"post_tag","embeddable":true,"href":"https:\/\/lametro989.com\/index.php?rest_route=%2Fwp%2Fv2%2Ftags&post=39671"}],"curies":[{"name":"wp","href":"https:\/\/api.w.org\/{rel}","templated":true}]}}