{"id":39674,"date":"2026-04-29T08:13:58","date_gmt":"2026-04-29T11:13:58","guid":{"rendered":"https:\/\/lametro989.com\/?p=39674"},"modified":"2026-04-29T08:13:58","modified_gmt":"2026-04-29T11:13:58","slug":"117-aniversario-de-general-san-martin-historia-produccion-y-tradicion-la-ciudad-celebra-con-coraje-y-desafios","status":"publish","type":"post","link":"https:\/\/lametro989.com\/?p=39674","title":{"rendered":"117\u00b0 aniversario de General San Mart\u00edn: Historia, producci\u00f3n y tradici\u00f3n: la ciudad celebra con coraje y desaf\u00edos"},"content":{"rendered":"\n<p>Fundada en 1909 como El Zapallar, cumple un nuevo aniversario consolidada como un polo agr\u00edcola-ganadero clave en la regi\u00f3n.<\/p>\n\n\n\n<figure class=\"wp-block-image size-full\"><img loading=\"lazy\" decoding=\"async\" width=\"790\" height=\"516\" src=\"https:\/\/lametro989.com\/wp-content\/uploads\/2026\/04\/image-316.png\" alt=\"\" class=\"wp-image-39675\" srcset=\"https:\/\/lametro989.com\/wp-content\/uploads\/2026\/04\/image-316.png 790w, https:\/\/lametro989.com\/wp-content\/uploads\/2026\/04\/image-316-300x196.png 300w, https:\/\/lametro989.com\/wp-content\/uploads\/2026\/04\/image-316-768x502.png 768w\" sizes=\"auto, (max-width: 790px) 100vw, 790px\" \/><\/figure>\n\n\n\n<p>Fundada el 29 de abril de 1909, es una ciudad argentina originalmente fundada como El Zapallar, ubicada en el centro-este de la provincia del Chaco. Es cabecera del departamento Libertador General San Mart\u00edn.<\/p>\n\n\n\n<p>Es el centro de una zona que tiene rasgos productivos \u00fanicos en la provincia, donde los principales cultivos son soja, tabaco, ma\u00edz y girasol. Lleg\u00f3 a ser la Capital del Oro blanco por las amplias superficies y la excelente producci\u00f3n de algod\u00f3n, un cultivo que ha retrocedido m\u00e1s de un 90 por ciento. Tambi\u00e9n se cultivan hortalizas.<\/p>\n\n\n\n<p>La zona de influencia es reconocida a nivel nacional e internacional por su muy importante producci\u00f3n de ganado vacuno. Los carnavales sanmartinianos son uno de los m\u00e1s importantes de la zona La ciudad que hoy est\u00e1 de aniversario, se encuentra a 1125 kil\u00f3metros m de la Capital Federal y 115 de la ciudad de Resistencia capital de la capital de la provincia. El r\u00edo Bermejo se encuentra a 120 kil\u00f3metros de la ciudad, y de \u00e9l parte un acueducto que abastece de agua a la ciudad.<\/p>\n\n\n\n<p><strong>V\u00edas de acceso<\/strong><\/p>\n\n\n\n<p>La principal v\u00eda asfaltada de comunicaci\u00f3n con el resto de la provincia es la ruta provincial 90, que la surca de sudeste a noroeste. La ruta provincial 3 pasa de este a oeste, y comienza su tramo asfaltado en esta localidad para desembocar en Pampa del Indio y Presidencia Roca. As\u00ed la ciudad logra constituirse en un paso obligado para alcanzar estas localidades.<\/p>\n\n\n\n<p>La ruta provincial 7, pavimentada en el a\u00f1o 2009 la cruza de este a suroeste, y es una de las rutas provinciales m\u00e1s importantes de la provincia. Otras rutas provinciales que la atraviesan son la 32, al oeste la vincula con Ciervo Petiso, la 33 que la comunica al este con Selvas del R\u00edo de Oro y la 11 que la vincula al sur con La Verde.<\/p>\n\n\n\n<p>Adem\u00e1s, existen numerosos caminos vecinales de tierra que la comunican con las numerosas colonias agr\u00edcolas circundantes. El puente Libertad sobre el r\u00edo Bermejo al Chaco y Formosa. El ramal de ferrocarril que originalmente un\u00eda a la localidad con Lapachito fue desmantelado durante la d\u00e9cada de 1980. La ciudad cuenta con un aer\u00f3dromo de tierra operable para m\u00e1quinas de peque\u00f1a capacidad.<\/p>\n","protected":false},"excerpt":{"rendered":"<p>Fundada en 1909 como El Zapallar, cumple un nuevo aniversario consolidada como un polo agr\u00edcola-ganadero clave en la regi\u00f3n. Fundada el 29 de abril de&hellip; <\/p>\n","protected":false},"author":2,"featured_media":39675,"comment_status":"open","ping_status":"open","sticky":false,"template":"","format":"standard","meta":{"footnotes":""},"categories":[9,2],"tags":[],"class_list":["post-39674","post","type-post","status-publish","format-standard","has-post-thumbnail","hentry","category-destacadas","category-provinciales"],"_links":{"self":[{"href":"https:\/\/lametro989.com\/index.php?rest_route=\/wp\/v2\/posts\/39674","targetHints":{"allow":["GET"]}}],"collection":[{"href":"https:\/\/lametro989.com\/index.php?rest_route=\/wp\/v2\/posts"}],"about":[{"href":"https:\/\/lametro989.com\/index.php?rest_route=\/wp\/v2\/types\/post"}],"author":[{"embeddable":true,"href":"https:\/\/lametro989.com\/index.php?rest_route=\/wp\/v2\/users\/2"}],"replies":[{"embeddable":true,"href":"https:\/\/lametro989.com\/index.php?rest_route=%2Fwp%2Fv2%2Fcomments&post=39674"}],"version-history":[{"count":1,"href":"https:\/\/lametro989.com\/index.php?rest_route=\/wp\/v2\/posts\/39674\/revisions"}],"predecessor-version":[{"id":39676,"href":"https:\/\/lametro989.com\/index.php?rest_route=\/wp\/v2\/posts\/39674\/revisions\/39676"}],"wp:featuredmedia":[{"embeddable":true,"href":"https:\/\/lametro989.com\/index.php?rest_route=\/wp\/v2\/media\/39675"}],"wp:attachment":[{"href":"https:\/\/lametro989.com\/index.php?rest_route=%2Fwp%2Fv2%2Fmedia&parent=39674"}],"wp:term":[{"taxonomy":"category","embeddable":true,"href":"https:\/\/lametro989.com\/index.php?rest_route=%2Fwp%2Fv2%2Fcategories&post=39674"},{"taxonomy":"post_tag","embeddable":true,"href":"https:\/\/lametro989.com\/index.php?rest_route=%2Fwp%2Fv2%2Ftags&post=39674"}],"curies":[{"name":"wp","href":"https:\/\/api.w.org\/{rel}","templated":true}]}}