{"id":39677,"date":"2026-04-29T08:21:26","date_gmt":"2026-04-29T11:21:26","guid":{"rendered":"https:\/\/lametro989.com\/?p=39677"},"modified":"2026-04-29T08:21:26","modified_gmt":"2026-04-29T11:21:26","slug":"el-gobierno-denuncio-que-la-supuesta-venta-de-carne-de-burro-en-argentina-es-una-operacion-mediatica","status":"publish","type":"post","link":"https:\/\/lametro989.com\/?p=39677","title":{"rendered":"El Gobierno denunci\u00f3 que la supuesta venta de carne de burro en Argentina es una operaci\u00f3n medi\u00e1tica"},"content":{"rendered":"\n<p>El Gobierno afirm\u00f3: &#8220;M\u00e1s grave a\u00fan ser\u00eda si esta administraci\u00f3n hubiese sido kirchnerista: los argentinos ni siquiera estar\u00edan consumiendo carne, sino directamente insectos y productos derivados&#8221;.<\/p>\n\n\n\n<figure class=\"wp-block-image size-full\"><img loading=\"lazy\" decoding=\"async\" width=\"987\" height=\"555\" src=\"https:\/\/lametro989.com\/wp-content\/uploads\/2026\/04\/image-317.png\" alt=\"\" class=\"wp-image-39678\" srcset=\"https:\/\/lametro989.com\/wp-content\/uploads\/2026\/04\/image-317.png 987w, https:\/\/lametro989.com\/wp-content\/uploads\/2026\/04\/image-317-300x169.png 300w, https:\/\/lametro989.com\/wp-content\/uploads\/2026\/04\/image-317-768x432.png 768w\" sizes=\"auto, (max-width: 987px) 100vw, 987px\" \/><\/figure>\n\n\n\n<p>El Gobierno de\u00a0<a href=\"https:\/\/www.perfil.com\/noticias\/economia\/la-confianza-en-el-gobierno-de-javier-milei-se-desplomo-12-y-cayo-por-quinto-mes-consecutivo-a40.phtml\" target=\"_blank\" rel=\"noreferrer noopener\"><strong>Javier Milei<\/strong><\/a>\u00a0rechaz\u00f3 el informe de un medio extranjero sobre la supuesta\u00a0<strong>venta de carne de\u00a0<a href=\"https:\/\/www.perfil.com\/noticias\/nea\/alberto-samid-burros-hay-para-2-carnicerias-y-vacas-tenemos-50-millones.phtml\" target=\"_blank\" rel=\"noreferrer noopener\">burro<\/a>,<\/strong>\u00a0calific\u00e1ndolo de\u00a0<strong>operaci\u00f3n medi\u00e1tica\u00a0<\/strong>\u201ccon el claro prop\u00f3sito de da\u00f1ar la imagen de la Rep\u00fablica Argentina\u201d. La agencia&nbsp;<em>Noticias Argentinas<\/em>&nbsp;se\u00f1al\u00f3 que se trata del medio alem\u00e1n&nbsp;<em>DW Espa\u00f1ol<\/em>, cuya versi\u00f3n espa\u00f1ola public\u00f3 una noticia con el t\u00edtulo: \u201c<strong>Carnicer\u00eda argentina vende carne de burro ante la subida de la<\/strong>&nbsp;<strong>vacuna\u201d.<\/strong><\/p>\n\n\n\n<p>La nota describe que nuestro pa\u00eds\u00a0<strong>\u201cagot\u00f3 500 kilos en dos d\u00edas<\/strong>. La venta se realiz\u00f3 con un permiso provincial provisorio, ya que en Argentina el consumo de carne de burro no est\u00e1 regulado a nivel nacional. La iniciativa llega en un contexto de fuertes aumentos en el precio de la carne vacuna, que se dispar\u00f3 un 70 % en el \u00faltimo a\u00f1o\u201d. Desde su&nbsp;<strong>Oficina de Respuesta Oficial<\/strong>, el Gobierno respondi\u00f3 con un extenso posteo: \u201cEl medio extranjero<em>&nbsp;DW<\/em>, que viene operando a diario en la&nbsp;<a target=\"_blank\" href=\"https:\/\/www.perfil.com\/noticias\/internacional\/un-diario-britanico-advierte-sobre-una-posible-nueva-invasion-de-argentina-en-las-malvinas.phtml\" rel=\"noreferrer noopener\">Argentina<\/a>,&nbsp;<strong>amplifica una vez m\u00e1s un caso aislado y marginal&nbsp;<\/strong>con el claro prop\u00f3sito de da\u00f1ar la imagen de la Rep\u00fablica Argentina\u201d.<\/p>\n\n\n\n<p>Luego aclara que \u201c<strong>se trat\u00f3 de una \u00fanica carnicer\u00eda<\/strong>&nbsp;que comercializ\u00f3 una cantidad m\u00ednima de un producto absolutamente ajeno a los h\u00e1bitos alimentarios y a la tradici\u00f3n gastron\u00f3mica de los argentinos\u201d.<\/p>\n\n\n\n<p>A continuaci\u00f3n, asegura que, durante la actual gesti\u00f3n,&nbsp;<strong>la inflaci\u00f3n \u201cse ha reducido dr\u00e1sticamente\u201d&nbsp;<\/strong>mientras la econom\u00eda \u201cavanza con determinaci\u00f3n en su proceso de estabilizaci\u00f3n, ordenamiento y recuperaci\u00f3n\u201d.<\/p>\n\n\n\n<p>En ese contexto, afirma que \u201clos datos oficiales son contundentes\u201d y afirma \u2014sin especificar el animal\u2014 que \u201cdurante\u00a0<strong>2025 el consumo per c\u00e1pita total de carnes aument\u00f3 un 3,85%<\/strong>, alcanzando los 116,4 kg por habitante, y la producci\u00f3n porcina creci\u00f3 un 15,7% en el primer trimestre de 2026\u201d. En ese punto, asegura que \u201cnuestro pa\u00eds mantiene&nbsp;<strong>uno de los niveles m\u00e1s altos en consumo per c\u00e1pita de carne vacuna<\/strong>&nbsp;de la m\u00e1s alta calidad, pilar irrenunciable de nuestra identidad cultural y productiva\u201d.<\/p>\n\n\n\n<p>El texto cierra con una comparaci\u00f3n ins\u00f3lita, aseverando que \u201c<strong>m\u00e1s grave a\u00fan ser\u00eda si esta administraci\u00f3n hubiese sido kirchnerista<\/strong>: los argentinos ni siquiera estar\u00edan consumiendo carne, sino directamente\u00a0<strong>insectos\u00a0<\/strong>y productos derivados. Prevalecieron las costumbres argentinas frente a las agendas globalistas que promueven la sustituci\u00f3n de la carne tradicional por insectos, como las que opera sistem\u00e1ticamente el citado medio\u201d. El presidente de Colombia cuestion\u00f3 a la Argentina<\/p>\n\n\n\n<p>El presidente de Colombia,&nbsp;<strong>Gustavo Petro<\/strong>, opuesto ideol\u00f3gicamente a Javier Milei, aprovech\u00f3 la pol\u00e9mica sobre la presunta venta masiva de carne de burro en Argentina para cuestionar a su colega.<\/p>\n\n\n\n<figure class=\"wp-block-image\"><img decoding=\"async\" src=\"https:\/\/fotos.perfil.com\/\/2026\/04\/29\/900\/0\/gustavo-petro-contra-javier-milei-por-la-supuesta-venta-de-carne-de-burro-en-argentina-2229941.jpg?webp\" alt=\"Gustavo Petro contra Javier Milei por la supuesta venta de carne de burro en Argentina\"\/><figcaption class=\"wp-element-caption\">Gustavo Petro contra Javier Milei por la supuesta venta de carne de burro en Argentina<\/figcaption><\/figure>\n\n\n\n<p>\u201cSi Argentina es exportadora de carne de calidad,&nbsp;<strong>\u00bfpor qu\u00e9 los argentinos no pueden comer carne de calidad<\/strong>&nbsp;y les toca comer carne de burro? Esto no puede pasar en Colombia\u201d, se distanci\u00f3.<\/p>\n","protected":false},"excerpt":{"rendered":"<p>El Gobierno afirm\u00f3: &#8220;M\u00e1s grave a\u00fan ser\u00eda si esta administraci\u00f3n hubiese sido kirchnerista: los argentinos ni siquiera estar\u00edan consumiendo carne, sino directamente insectos y productos&hellip; <\/p>\n","protected":false},"author":2,"featured_media":39678,"comment_status":"open","ping_status":"open","sticky":false,"template":"","format":"standard","meta":{"footnotes":""},"categories":[9,13],"tags":[],"class_list":["post-39677","post","type-post","status-publish","format-standard","has-post-thumbnail","hentry","category-destacadas","category-nacionales"],"_links":{"self":[{"href":"https:\/\/lametro989.com\/index.php?rest_route=\/wp\/v2\/posts\/39677","targetHints":{"allow":["GET"]}}],"collection":[{"href":"https:\/\/lametro989.com\/index.php?rest_route=\/wp\/v2\/posts"}],"about":[{"href":"https:\/\/lametro989.com\/index.php?rest_route=\/wp\/v2\/types\/post"}],"author":[{"embeddable":true,"href":"https:\/\/lametro989.com\/index.php?rest_route=\/wp\/v2\/users\/2"}],"replies":[{"embeddable":true,"href":"https:\/\/lametro989.com\/index.php?rest_route=%2Fwp%2Fv2%2Fcomments&post=39677"}],"version-history":[{"count":1,"href":"https:\/\/lametro989.com\/index.php?rest_route=\/wp\/v2\/posts\/39677\/revisions"}],"predecessor-version":[{"id":39679,"href":"https:\/\/lametro989.com\/index.php?rest_route=\/wp\/v2\/posts\/39677\/revisions\/39679"}],"wp:featuredmedia":[{"embeddable":true,"href":"https:\/\/lametro989.com\/index.php?rest_route=\/wp\/v2\/media\/39678"}],"wp:attachment":[{"href":"https:\/\/lametro989.com\/index.php?rest_route=%2Fwp%2Fv2%2Fmedia&parent=39677"}],"wp:term":[{"taxonomy":"category","embeddable":true,"href":"https:\/\/lametro989.com\/index.php?rest_route=%2Fwp%2Fv2%2Fcategories&post=39677"},{"taxonomy":"post_tag","embeddable":true,"href":"https:\/\/lametro989.com\/index.php?rest_route=%2Fwp%2Fv2%2Ftags&post=39677"}],"curies":[{"name":"wp","href":"https:\/\/api.w.org\/{rel}","templated":true}]}}