{"id":39680,"date":"2026-04-29T08:33:17","date_gmt":"2026-04-29T11:33:17","guid":{"rendered":"https:\/\/lametro989.com\/?p=39680"},"modified":"2026-04-29T08:33:17","modified_gmt":"2026-04-29T11:33:17","slug":"agostina-paez-volvio-de-brasil-y-se-convirtio-en-influencer-como-es-la-nueva-vida-de-abogada","status":"publish","type":"post","link":"https:\/\/lametro989.com\/?p=39680","title":{"rendered":"Agostina P\u00e1ez volvi\u00f3 de Brasil y se convirti\u00f3 en influencer: c\u00f3mo es la nueva vida de abogada"},"content":{"rendered":"\n<p>Desde que retorn\u00f3 a Santiago del Estero tras pagar una fianza de m\u00e1s de 18 mil d\u00f3lares por injuria racial, acumula m\u00e1s de 124 mil seguidores en TikTok.<\/p>\n\n\n\n<figure class=\"wp-block-image size-large\"><img loading=\"lazy\" decoding=\"async\" width=\"1024\" height=\"576\" src=\"https:\/\/lametro989.com\/wp-content\/uploads\/2026\/04\/image-318-1024x576.png\" alt=\"\" class=\"wp-image-39681\" srcset=\"https:\/\/lametro989.com\/wp-content\/uploads\/2026\/04\/image-318-1024x576.png 1024w, https:\/\/lametro989.com\/wp-content\/uploads\/2026\/04\/image-318-300x169.png 300w, https:\/\/lametro989.com\/wp-content\/uploads\/2026\/04\/image-318-768x432.png 768w, https:\/\/lametro989.com\/wp-content\/uploads\/2026\/04\/image-318.png 1200w\" sizes=\"auto, (max-width: 1024px) 100vw, 1024px\" \/><\/figure>\n\n\n\n<p>La abogada santiague\u00f1a<a href=\"https:\/\/www.a24.com\/policiales\/agostina-paez-difundio-imagenes-su-detencion-brasil-y-confeso-su-calvario-n1545420\" target=\"_blank\" rel=\"noreferrer noopener\"><strong>\u00a0Agostina P\u00e1ez<\/strong>,\u00a0<\/a>que estuvo tres meses retenida en Brasil acusada de racismo, reapareci\u00f3 en la escena p\u00fablica con un perfil inesperado:<strong>\u00a0se convirti\u00f3 en influencer en TikTok y ya supera los 124 mil seguidores.\u00a0<\/strong>Su nueva actividad, con promociones comerciales y presencia en redes, desat\u00f3 una nueva ola de repercusiones.Tras regresar a la Argentina<strong>, luego de pagar una fianza superior a los 18 mil d\u00f3lares<\/strong>\u00a0y cumplir arresto con tobillera electr\u00f3nica en R\u00edo de Janeiro,<strong>\u00a0P\u00e1ez comenz\u00f3 a colaborar con marcas y comercios de Santiago del Estero<\/strong>. Realiz\u00f3 canjes con\u00a0<strong>restaurantes, boliches, peluquer\u00edas y locales de indumentaria,<\/strong>\u00a0en una estrategia que r\u00e1pidamente gan\u00f3 visibilidad. La actividad de P\u00e1ez no pas\u00f3 desapercibida. Mientras muchos usuarios la apoyan y celebran su intento de \u201c<strong>dar vuelta la p\u00e1gina<\/strong>\u201d, otros cuestionan su exposici\u00f3n. Entre las cr\u00edticas m\u00e1s duras aparece la del periodista<strong>\u00a0Eduardo Feinmann,<\/strong>\u00a0quien en redes sociales la calific\u00f3 como \u201c<strong>la racista influencer<\/strong>\u201d y \u201c<strong>abogada racista<\/strong>\u201d. Lejos de esquivar la pol\u00e9mica, la joven tambi\u00e9n respondi\u00f3 con humor en sus publicaciones. En uno de sus videos promocionales, donde aparece comiendo alitas de pollo, lanz\u00f3: \u201c<strong>No me pidan que sea fina porque esto soy\u201d<\/strong>, en un mensaje directo a sus detractores.<\/p>\n\n\n\n<p>Adem\u00e1s, fue elegida para<strong>\u00a0promocionar la reapertura de un boliche en su provincia\u00a0<\/strong>y particip\u00f3 en contenidos publicitarios con tono ir\u00f3nico, incluso apelando a su rol de abogada en sketches sobre \u201c<strong>contratos y cl\u00e1usulas<\/strong>\u201d. \u201cMi vida no va a volver a ser normal\u201d<\/p>\n\n\n\n<p id=\"p-1777425236016-31161\">El fin de semana pasado, P\u00e1ez comparti\u00f3 un descargo en redes donde habl\u00f3 del impacto emocional que le dej\u00f3 su situaci\u00f3n judicial y la exposici\u00f3n medi\u00e1tica. \u201c<strong>Trato de volver a la normalidad, pero ya s\u00e9 que mi vida nunca va a volver a ser normal<\/strong>\u201d, expres\u00f3.<\/p>\n\n\n\n<p id=\"p-1777425236016-42999\">Tambi\u00e9n reconoci\u00f3 el peso de las cr\u00edticas constantes: \u201c<strong>Ya me pegaron de todas las formas posibles. No hay nada m\u00e1s por lo que me puedan pegar<\/strong>\u201d, dijo, y cuestion\u00f3 a quienes siguen juzg\u00e1ndola por su comportamiento actual.<\/p>\n\n\n\n<p>En ese contexto, cont\u00f3 que est\u00e1 en tratamiento psicol\u00f3gico y pidi\u00f3 empat\u00eda: \u201c<strong>\u00bfHasta cu\u00e1ndo quieren que yo siga sufriendo?<\/strong>\u201d, plante\u00f3. Su situaci\u00f3n judicial y su vida personal<\/p>\n\n\n\n<p id=\"p-1777425236016-73835\">P\u00e1ez aclar\u00f3 que el proceso judicial en Brasil contin\u00faa en curso, aunque intenta retomar su vida cotidiana en Argentina. \u201c<strong>Sigo en un proceso judicial, pero tratando de sentirme bien<\/strong>\u201d, explic\u00f3.<\/p>\n\n\n\n<p>En paralelo,&nbsp;<strong>tambi\u00e9n comparti\u00f3 novedades de su vida personal y confirm\u00f3 que retom\u00f3 su relaci\u00f3n con su expareja,<\/strong>&nbsp;en un mensaje que gener\u00f3 repercusi\u00f3n entre sus seguidores.<\/p>\n","protected":false},"excerpt":{"rendered":"<p>Desde que retorn\u00f3 a Santiago del Estero tras pagar una fianza de m\u00e1s de 18 mil d\u00f3lares por injuria racial, acumula m\u00e1s de 124 mil&hellip; <\/p>\n","protected":false},"author":2,"featured_media":39681,"comment_status":"open","ping_status":"open","sticky":false,"template":"","format":"standard","meta":{"footnotes":""},"categories":[13],"tags":[],"class_list":["post-39680","post","type-post","status-publish","format-standard","has-post-thumbnail","hentry","category-nacionales"],"_links":{"self":[{"href":"https:\/\/lametro989.com\/index.php?rest_route=\/wp\/v2\/posts\/39680","targetHints":{"allow":["GET"]}}],"collection":[{"href":"https:\/\/lametro989.com\/index.php?rest_route=\/wp\/v2\/posts"}],"about":[{"href":"https:\/\/lametro989.com\/index.php?rest_route=\/wp\/v2\/types\/post"}],"author":[{"embeddable":true,"href":"https:\/\/lametro989.com\/index.php?rest_route=\/wp\/v2\/users\/2"}],"replies":[{"embeddable":true,"href":"https:\/\/lametro989.com\/index.php?rest_route=%2Fwp%2Fv2%2Fcomments&post=39680"}],"version-history":[{"count":1,"href":"https:\/\/lametro989.com\/index.php?rest_route=\/wp\/v2\/posts\/39680\/revisions"}],"predecessor-version":[{"id":39682,"href":"https:\/\/lametro989.com\/index.php?rest_route=\/wp\/v2\/posts\/39680\/revisions\/39682"}],"wp:featuredmedia":[{"embeddable":true,"href":"https:\/\/lametro989.com\/index.php?rest_route=\/wp\/v2\/media\/39681"}],"wp:attachment":[{"href":"https:\/\/lametro989.com\/index.php?rest_route=%2Fwp%2Fv2%2Fmedia&parent=39680"}],"wp:term":[{"taxonomy":"category","embeddable":true,"href":"https:\/\/lametro989.com\/index.php?rest_route=%2Fwp%2Fv2%2Fcategories&post=39680"},{"taxonomy":"post_tag","embeddable":true,"href":"https:\/\/lametro989.com\/index.php?rest_route=%2Fwp%2Fv2%2Ftags&post=39680"}],"curies":[{"name":"wp","href":"https:\/\/api.w.org\/{rel}","templated":true}]}}