{"id":39683,"date":"2026-04-29T08:48:56","date_gmt":"2026-04-29T11:48:56","guid":{"rendered":"https:\/\/lametro989.com\/?p=39683"},"modified":"2026-04-29T08:48:56","modified_gmt":"2026-04-29T11:48:56","slug":"saenz-pena-incautan-mas-de-200-g-de-marihuana-tras-un-tiroteo-el-sospechoso-llego-herido-al-hospital","status":"publish","type":"post","link":"https:\/\/lametro989.com\/?p=39683","title":{"rendered":"S\u00e1enz Pe\u00f1a: Incautan m\u00e1s de 200 g de marihuana tras un tiroteo: el sospechoso lleg\u00f3 herido al hospital"},"content":{"rendered":"\n<p>Ocurri\u00f3 en el barrio Gin\u00e9s Ben\u00edtez. Un hombre habr\u00eda disparado contra la Polic\u00eda con una &#8220;tumbera&#8221; y luego fue identificado cuando ingres\u00f3 lesionado al centro de salud.<\/p>\n\n\n\n<figure class=\"wp-block-image size-full\"><img loading=\"lazy\" decoding=\"async\" width=\"850\" height=\"462\" src=\"https:\/\/lametro989.com\/wp-content\/uploads\/2026\/04\/image-319.png\" alt=\"\" class=\"wp-image-39684\" srcset=\"https:\/\/lametro989.com\/wp-content\/uploads\/2026\/04\/image-319.png 850w, https:\/\/lametro989.com\/wp-content\/uploads\/2026\/04\/image-319-300x163.png 300w, https:\/\/lametro989.com\/wp-content\/uploads\/2026\/04\/image-319-768x417.png 768w\" sizes=\"auto, (max-width: 850px) 100vw, 850px\" \/><\/figure>\n\n\n\n<p>Personal de la Divisi\u00f3n Operaciones Drogas Interior de&nbsp;<strong>Presidencia Roque S\u00e1enz Pe\u00f1a&nbsp;&nbsp;<\/strong>&nbsp;secuestr\u00f3 m\u00e1s de 200 gramos de marihuana durante un procedimiento realizado en calle 42 y esquina 9 del barrio Gin\u00e9s Ben\u00edtez, en el marco de una causa por presunta infracci\u00f3n a la&nbsp;<strong>Ley 23.737&nbsp;&nbsp;<\/strong>.<ins><\/ins><\/p>\n\n\n\n<figure class=\"wp-block-image\"><img decoding=\"async\" src=\"https:\/\/www.diariotag.com\/content\/bucket\/8\/307308w790h665c.jpg.webp\" alt=\"\"\/><\/figure>\n\n\n\n<p>El operativo se desarroll\u00f3 entre la noche y la madrugada, tras tareas investigativas que advert\u00edan sobre una posible comercializaci\u00f3n de estupefacientes en la zona. Al llegar, los agentes observaron a<strong>&nbsp;tres personas en actitud sospechosa.<\/strong><\/p>\n\n\n\n<p>Cuando intentaban demorar a uno de ellos, otro sujeto habr\u00eda extra\u00eddo un arma de fabricaci\u00f3n casera tipo &#8220;tumbera&#8221; y&nbsp;<strong>efectuado un disparo contra el personal policial<\/strong>. Ante la agresi\u00f3n, un efectivo respondi\u00f3 con su arma reglamentaria para repeler el ataque, mientras dos de los involucrados escaparon.<\/p>\n\n\n\n<p><strong>En el lugar fue demorado un adolescente de 16 a\u00f1os, a quien se le secuestr\u00f3 un trozo compacto y un envoltorio con un peso total superior a 200 gramos de marihuana<\/strong>. La sustancia arroj\u00f3 resultado positivo en las pruebas de campo. Por disposici\u00f3n judicial, el menor fue entregado a sus tutores tras el examen m\u00e9dico.<\/p>\n\n\n\n<p>Minutos despu\u00e9s, desde el hospital local informaron el ingreso de un hombre de 35 a\u00f1os con una herida de arma de fuego en una pierna. Por sus caracter\u00edsticas f\u00edsicas, vestimenta y domicilio, los investigadores establecieron que ser\u00eda el presunto autor del disparo contra los efectivos.<\/p>\n\n\n\n<p>La Fiscal\u00eda Antidrogas dispuso su aprehensi\u00f3n en la causa por presunta infracci\u00f3n a la Ley 23.737. El hombre permanece internado con custodia policial.<\/p>\n","protected":false},"excerpt":{"rendered":"<p>Ocurri\u00f3 en el barrio Gin\u00e9s Ben\u00edtez. Un hombre habr\u00eda disparado contra la Polic\u00eda con una &#8220;tumbera&#8221; y luego fue identificado cuando ingres\u00f3 lesionado al centro&hellip; <\/p>\n","protected":false},"author":2,"featured_media":39684,"comment_status":"open","ping_status":"open","sticky":false,"template":"","format":"standard","meta":{"footnotes":""},"categories":[2],"tags":[],"class_list":["post-39683","post","type-post","status-publish","format-standard","has-post-thumbnail","hentry","category-provinciales"],"_links":{"self":[{"href":"https:\/\/lametro989.com\/index.php?rest_route=\/wp\/v2\/posts\/39683","targetHints":{"allow":["GET"]}}],"collection":[{"href":"https:\/\/lametro989.com\/index.php?rest_route=\/wp\/v2\/posts"}],"about":[{"href":"https:\/\/lametro989.com\/index.php?rest_route=\/wp\/v2\/types\/post"}],"author":[{"embeddable":true,"href":"https:\/\/lametro989.com\/index.php?rest_route=\/wp\/v2\/users\/2"}],"replies":[{"embeddable":true,"href":"https:\/\/lametro989.com\/index.php?rest_route=%2Fwp%2Fv2%2Fcomments&post=39683"}],"version-history":[{"count":1,"href":"https:\/\/lametro989.com\/index.php?rest_route=\/wp\/v2\/posts\/39683\/revisions"}],"predecessor-version":[{"id":39685,"href":"https:\/\/lametro989.com\/index.php?rest_route=\/wp\/v2\/posts\/39683\/revisions\/39685"}],"wp:featuredmedia":[{"embeddable":true,"href":"https:\/\/lametro989.com\/index.php?rest_route=\/wp\/v2\/media\/39684"}],"wp:attachment":[{"href":"https:\/\/lametro989.com\/index.php?rest_route=%2Fwp%2Fv2%2Fmedia&parent=39683"}],"wp:term":[{"taxonomy":"category","embeddable":true,"href":"https:\/\/lametro989.com\/index.php?rest_route=%2Fwp%2Fv2%2Fcategories&post=39683"},{"taxonomy":"post_tag","embeddable":true,"href":"https:\/\/lametro989.com\/index.php?rest_route=%2Fwp%2Fv2%2Ftags&post=39683"}],"curies":[{"name":"wp","href":"https:\/\/api.w.org\/{rel}","templated":true}]}}