{"id":39690,"date":"2026-04-29T12:44:09","date_gmt":"2026-04-29T15:44:09","guid":{"rendered":"https:\/\/lametro989.com\/?p=39690"},"modified":"2026-04-29T12:44:09","modified_gmt":"2026-04-29T15:44:09","slug":"crisis-en-el-comercio-de-resistencia-se-nota-un-parate-importante-en-el-consumo-y-una-caida-fuerte-de-las-ventas","status":"publish","type":"post","link":"https:\/\/lametro989.com\/?p=39690","title":{"rendered":"Crisis en el comercio de Resistencia: \u201cSe nota un parate importante en el consumo y una ca\u00edda fuerte de las ventas\u201d"},"content":{"rendered":"\n<p>Desde la C\u00e1mara de Comercio de Resistencia se\u00f1alaron un fuerte enfriamiento del consumo en 2026 y reclamaron medidas para aliviar la carga fiscal y sostener la actividad. <\/p>\n\n\n\n<figure class=\"wp-block-embed is-type-video is-provider-youtube wp-block-embed-youtube wp-embed-aspect-16-9 wp-has-aspect-ratio\"><div class=\"wp-block-embed__wrapper\">\n<iframe loading=\"lazy\" title=\"SITUACI\u00d3N DEL COMERCIO EN EL PA\u00cdS\" width=\"790\" height=\"444\" src=\"https:\/\/www.youtube.com\/embed\/uKrgOBER5gM?feature=oembed\" frameborder=\"0\" allow=\"accelerometer; autoplay; clipboard-write; encrypted-media; gyroscope; picture-in-picture; web-share\" referrerpolicy=\"strict-origin-when-cross-origin\" allowfullscreen><\/iframe>\n<\/div><\/figure>\n\n\n\n<p> En medio de un contexto econ\u00f3mico de crisis, el tesorero de la C\u00e1mara de Comercio de Resistencia, Mart\u00edn Gim\u00e9nez, advirti\u00f3 sobre la compleja situaci\u00f3n que atraviesa el sector, marcada por la ca\u00edda de ventas, el aumento de costos y la necesidad de reconversi\u00f3n de muchas empresas.<\/p>\n\n\n\n<p>En declaraciones a CIUDAD TV, el dirigente sostuvo que desde comienzos de 2026 se percibe \u201cun parate bastante importante en el consumo\u201d, lo que impacta de lleno en la actividad comercial. \u201cLa gran mayor\u00eda de los rubros est\u00e1n con ca\u00eddas significativas en las ventas, lo cual es una situaci\u00f3n preocupante\u201d, afirm\u00f3. <strong>Mayor presencia nacional<\/strong><\/p>\n\n\n\n<p>En paralelo a este escenario, Gim\u00e9nez destac\u00f3 un hecho institucional relevante: por primera vez en sus 103 a\u00f1os de historia, la C\u00e1mara de Comercio de Resistencia pas\u00f3 a integrar el Consejo Directivo de la C\u00e1mara Argentina de Comercio.<\/p>\n\n\n\n<p>\u201cEs un paso muy importante para la dirigencia local, porque nos permite tener mayor participaci\u00f3n y llegada en las decisiones a nivel nacional\u201d, explic\u00f3. La entidad ya ten\u00eda representaci\u00f3n en otras organizaciones como CAME y UDECA, pero no en este espacio.<\/p>\n\n\n\n<p>Seg\u00fan remarc\u00f3, esta presencia fortalece el federalismo y permite visibilizar la realidad del interior del pa\u00eds en \u00e1mbitos donde se definen pol\u00edticas econ\u00f3micas.<\/p>\n\n\n\n<p><strong>Cambios econ\u00f3micos y consumo en baja<\/strong><\/p>\n\n\n\n<p>El dirigente analiz\u00f3 tambi\u00e9n el impacto de las pol\u00edticas del gobierno de Javier Milei, al se\u00f1alar que hubo un \u201ccambio dr\u00e1stico en las reglas de juego\u201d, con foco en la estabilizaci\u00f3n macroecon\u00f3mica y la apertura de importaciones.<\/p>\n\n\n\n<p>Si bien reconoci\u00f3 que algunos indicadores muestran crecimiento, advirti\u00f3 que ese repunte no llega al comercio: \u201cLos sectores que est\u00e1n creciendo, como miner\u00eda, hidrocarburos o el agro, tienen poca mano de obra y no derraman en la actividad comercial\u201d.<\/p>\n\n\n\n<p>En ese sentido, alert\u00f3 que el proceso de ajuste tiene costos: \u201cVa a llevar tiempo y lamentablemente implica cierre de empresas. Si bien algunas abren, la situaci\u00f3n general es compleja\u201d.<\/p>\n\n\n\n<p><strong>Reclamo por la presi\u00f3n impositiva<\/strong><\/p>\n\n\n\n<p>Uno de los principales planteos del sector apunta a la carga tributaria. Gim\u00e9nez sostuvo que los comerciantes locales enfrentan impuestos \u201cmuy superiores\u201d a los de pa\u00edses con los que compiten.<\/p>\n\n\n\n<p>\u201cNos piden ser m\u00e1s eficientes y competitivos, pero necesitamos que el Estado acompa\u00f1e bajando la presi\u00f3n impositiva\u201d, remarc\u00f3, y anticip\u00f3 que en mayo impulsar\u00e1n gestiones vinculadas a anticipos fiscales.<\/p>\n\n\n\n<p>Tambi\u00e9n advirti\u00f3 que la apertura de importaciones \u2014la m\u00e1s fuerte desde la d\u00e9cada del 90\u2014 obliga a competir con productos del exterior en condiciones desiguales.<\/p>\n\n\n\n<p><strong>Reconversi\u00f3n y nuevas formas de venta<\/strong><\/p>\n\n\n\n<p>Frente a este panorama, muchas empresas se vieron obligadas a reinventarse. El crecimiento del comercio electr\u00f3nico y de plataformas internacionales modific\u00f3 las reglas del mercado.<\/p>\n\n\n\n<p>\u201cHoy los marketplace importan directamente desde el exterior, lo que nos obliga a bajar m\u00e1rgenes y cambiar la forma de comercializar\u201d, explic\u00f3.<\/p>\n\n\n\n<p>A pesar de ello, subray\u00f3 que el objetivo es sostener el empleo: \u201cEl personal es uno de los activos m\u00e1s importantes de las pymes, pero en algunos casos hay que hacer ajustes para mantener la empresa\u201d.<\/p>\n\n\n\n<p><strong>Habilitaciones y trabas locales<\/strong><\/p>\n\n\n\n<p>En el plano local, Gim\u00e9nez se refiri\u00f3 a las dificultades para habilitar comercios en la ciudad. Si bien destac\u00f3 avances para locales de baja complejidad \u2014de hasta 100 metros cuadrados\u2014, indic\u00f3 que persisten trabas en emprendimientos m\u00e1s grandes.<\/p>\n\n\n\n<p>\u201cHay requisitos que son dif\u00edciles de cumplir, sobre todo en inmuebles antiguos del microcentro\u201d, se\u00f1al\u00f3, y recomend\u00f3 a los comerciantes asesorarse previamente para evitar inconvenientes.<\/p>\n\n\n\n<p><strong>Actividades para impulsar el sector<\/strong><\/p>\n\n\n\n<p>Por \u00faltimo, adelant\u00f3 que la C\u00e1mara trabaja en distintas iniciativas para dinamizar la actividad, entre ellas un programa de capacitaciones, nuevas ediciones de la \u201cNoche de las Peatonales\u201d y el tradicional Black Friday.<\/p>\n\n\n\n<p>En un contexto adverso, el sector comercial busca adaptarse y sostenerse, mientras insiste en la necesidad de pol\u00edticas que acompa\u00f1en la transici\u00f3n y reactiven el consumo.<\/p>\n\n\n\n<figure class=\"wp-block-image size-full\"><img loading=\"lazy\" decoding=\"async\" width=\"800\" height=\"600\" src=\"https:\/\/lametro989.com\/wp-content\/uploads\/2026\/04\/image-322.png\" alt=\"\" class=\"wp-image-39692\" srcset=\"https:\/\/lametro989.com\/wp-content\/uploads\/2026\/04\/image-322.png 800w, https:\/\/lametro989.com\/wp-content\/uploads\/2026\/04\/image-322-300x225.png 300w, https:\/\/lametro989.com\/wp-content\/uploads\/2026\/04\/image-322-768x576.png 768w\" sizes=\"auto, (max-width: 800px) 100vw, 800px\" \/><\/figure>\n","protected":false},"excerpt":{"rendered":"<p>Desde la C\u00e1mara de Comercio de Resistencia se\u00f1alaron un fuerte enfriamiento del consumo en 2026 y reclamaron medidas para aliviar la carga fiscal y sostener&hellip; <\/p>\n","protected":false},"author":2,"featured_media":39691,"comment_status":"open","ping_status":"open","sticky":false,"template":"","format":"standard","meta":{"footnotes":""},"categories":[9,2],"tags":[],"class_list":["post-39690","post","type-post","status-publish","format-standard","has-post-thumbnail","hentry","category-destacadas","category-provinciales"],"_links":{"self":[{"href":"https:\/\/lametro989.com\/index.php?rest_route=\/wp\/v2\/posts\/39690","targetHints":{"allow":["GET"]}}],"collection":[{"href":"https:\/\/lametro989.com\/index.php?rest_route=\/wp\/v2\/posts"}],"about":[{"href":"https:\/\/lametro989.com\/index.php?rest_route=\/wp\/v2\/types\/post"}],"author":[{"embeddable":true,"href":"https:\/\/lametro989.com\/index.php?rest_route=\/wp\/v2\/users\/2"}],"replies":[{"embeddable":true,"href":"https:\/\/lametro989.com\/index.php?rest_route=%2Fwp%2Fv2%2Fcomments&post=39690"}],"version-history":[{"count":1,"href":"https:\/\/lametro989.com\/index.php?rest_route=\/wp\/v2\/posts\/39690\/revisions"}],"predecessor-version":[{"id":39693,"href":"https:\/\/lametro989.com\/index.php?rest_route=\/wp\/v2\/posts\/39690\/revisions\/39693"}],"wp:featuredmedia":[{"embeddable":true,"href":"https:\/\/lametro989.com\/index.php?rest_route=\/wp\/v2\/media\/39691"}],"wp:attachment":[{"href":"https:\/\/lametro989.com\/index.php?rest_route=%2Fwp%2Fv2%2Fmedia&parent=39690"}],"wp:term":[{"taxonomy":"category","embeddable":true,"href":"https:\/\/lametro989.com\/index.php?rest_route=%2Fwp%2Fv2%2Fcategories&post=39690"},{"taxonomy":"post_tag","embeddable":true,"href":"https:\/\/lametro989.com\/index.php?rest_route=%2Fwp%2Fv2%2Ftags&post=39690"}],"curies":[{"name":"wp","href":"https:\/\/api.w.org\/{rel}","templated":true}]}}