{"id":39694,"date":"2026-04-29T12:45:20","date_gmt":"2026-04-29T15:45:20","guid":{"rendered":"https:\/\/lametro989.com\/?p=39694"},"modified":"2026-04-29T12:45:20","modified_gmt":"2026-04-29T15:45:20","slug":"plan-de-contingencia-respuesta-integral-con-beneficios-del-banco-del-chaco-para-las-zonas-afectadas","status":"publish","type":"post","link":"https:\/\/lametro989.com\/?p=39694","title":{"rendered":"Plan de Contingencia: respuesta integral con beneficios del Banco del Chaco para las zonas afectadas"},"content":{"rendered":"\n<p>Las acciones del Gobierno provincial alcanzan a Comandancia Fr\u00edas, El Espinillo, El Sauzalito, Fuerte Esperanza, Juan Jos\u00e9 Castelli, Miraflores, Misi\u00f3n Nueva Pompeya, Villa R\u00edo Bermejito, Presidencia Roca, Los Frentones y Pampa del Indio.<\/p>\n\n\n\n<figure class=\"wp-block-image size-full\"><img loading=\"lazy\" decoding=\"async\" width=\"800\" height=\"541\" src=\"https:\/\/lametro989.com\/wp-content\/uploads\/2026\/04\/image-323.png\" alt=\"\" class=\"wp-image-39695\" srcset=\"https:\/\/lametro989.com\/wp-content\/uploads\/2026\/04\/image-323.png 800w, https:\/\/lametro989.com\/wp-content\/uploads\/2026\/04\/image-323-300x203.png 300w, https:\/\/lametro989.com\/wp-content\/uploads\/2026\/04\/image-323-768x519.png 768w\" sizes=\"auto, (max-width: 800px) 100vw, 800px\" \/><\/figure>\n\n\n\n<p>En ese marco, el gobernador Leandro Zdero brind\u00f3 hoy detalles sobre el alcance de las acciones ejecutadas hasta el momento: \u201cEste plan de contingencia, ante la emergencia clim\u00e1tica, se trabaj\u00f3 de manera articulada entre distintas \u00e1reas del Gobierno, junto al Gobierno nacional y los municipios, permitiendo atender a 12 localidades desde el primer temporal, el 12 de abril\u201d.<\/p>\n\n\n\n<p>El mandatario precis\u00f3 adem\u00e1s que \u201chemos distribuido m\u00e1s de 30.000 m\u00f3dulos alimentarios, sumando tambi\u00e9n agua mineral, insumos de limpieza, colchones, abrigos, frazadas y cobertores, superando los 18.000 elementos y recursos entregados para asistir a las familias\u201d. Asimismo, destac\u00f3 el trabajo territorial coordinado: \u201cSe articularon tareas con la Administraci\u00f3n Provincial del Agua y Vialidad Provincial para mejorar el escurrimiento del agua, mediante la apertura de canales, el uso de bombas y acciones conjuntas con los municipios\u201d.<\/p>\n\n\n\n<p><strong>Promociones especiales del Banco del Chaco<\/strong><\/p>\n\n\n\n<p>Por otra parte, el gobernador anunci\u00f3 medidas para aliviar la situaci\u00f3n de las familias: \u201cVamos a utilizar las herramientas financieras de la provincia para llegar con beneficios concretos, no solo a las localidades afectadas sino a todo el territorio, con promociones especiales en rubros como alimentos, combustibles, farmacia, construcci\u00f3n, muebles y electrodom\u00e9sticos\u201d.<\/p>\n\n\n\n<p>En ese sentido, el presidente del Nuevo Banco del Chaco, Livio Guti\u00e9rrez, explic\u00f3 el alcance de las medidas: \u201cEstamos ante una situaci\u00f3n in\u00e9dita, donde el banco logr\u00f3 dise\u00f1ar en muy poco tiempo herramientas financieras para acompa\u00f1ar a quienes sufrieron da\u00f1os en sus hogares. Vamos a ofrecer, a trav\u00e9s de la tarjeta Tuya, seis cuotas sin inter\u00e9s para la compra de electrodom\u00e9sticos, muebles y materiales de construcci\u00f3n\u201d.<\/p>\n\n\n\n<p>Adem\u00e1s, detall\u00f3 que \u201cm\u00e1s de 800 comercios estar\u00e1n adheridos en las zonas afectadas y se dispondr\u00e1n cr\u00e9ditos personales de hasta 4 millones de pesos, con una tasa del 37% anual, una de las m\u00e1s bajas del pa\u00eds, pensada para facilitar la recuperaci\u00f3n de las familias\u201d.<\/p>\n\n\n\n<p>Promociones vigentes en toda la provincia:<br>-Farmacias: hasta 6 cuotas sin inter\u00e9s.<br>-Supermercados\/ Alimentos: 3 cuotas sin inter\u00e9s.<br>-Combustible: 3 cuotas sin inter\u00e9s, 2 d\u00edas por semana.<\/p>\n\n\n\n<p>Promociones de Emergencia:<br>-6 cuotas sin inter\u00e9s en todos los rubros.<br>-Construcci\u00f3n, Electrodom\u00e9sticos,<br>Muebles: 12 Cuotas con tasa del 17% y 18<br>cuotas con tasa del 18%<br>-Vigencia desde el 1\/5 al 30\/6 de 2026.<\/p>\n\n\n\n<p><strong>12 de mayo: Operativo Interfluvio Impenetrable<\/strong><\/p>\n\n\n\n<p>Adem\u00e1s, el Gobernador Leandro Zdero anunci\u00f3 que se pondr\u00e1 en marcha, a partir del 12 de mayo de 2026, el Operativo Interfluvio, un plan de contingencia integral destinado a brindar respuesta inmediata a las localidades afectadas por la emergencia clim\u00e1tica en el territorio chaque\u00f1o.<\/p>\n\n\n\n<p>El operativo contempla m\u00faltiples l\u00edneas de intervenci\u00f3n, entre ellas operativos de documentaci\u00f3n (DNI), asistencia sanitaria y dispositivos de ayuda directa a las comunidades afectadas, con el objetivo de garantizar el acceso a servicios esenciales y acompa\u00f1ar a las familias en un contexto de emergencia.<\/p>\n\n\n\n<p>\u201cA partir del 12 de mayo vamos a llevar adelante un nuevo operativo integral en la regi\u00f3n, con dispositivos de salud, m\u00e9dicos y carpas sanitarias, alcanzando a m\u00e1s de 5.000 hogares y 15.000 personas. Adem\u00e1s, sumaremos operativos gratuitos de DNI para quienes necesiten renovar o recuperar su documentaci\u00f3n\u201d.<\/p>\n\n\n\n<p>Por \u00faltimo, en relaci\u00f3n al sector productivo, remarc\u00f3: \u201cSeguimos trabajando con el Ministerio de la Producci\u00f3n en asistencia directa a los productores, con recuperaci\u00f3n de animales, provisi\u00f3n de forraje, atenci\u00f3n veterinaria y acompa\u00f1amiento t\u00e9cnico, fortaleciendo el trabajo de los Centros de Desarrollo Productivo\u201d.<\/p>\n","protected":false},"excerpt":{"rendered":"<p>Las acciones del Gobierno provincial alcanzan a Comandancia Fr\u00edas, El Espinillo, El Sauzalito, Fuerte Esperanza, Juan Jos\u00e9 Castelli, Miraflores, Misi\u00f3n Nueva Pompeya, Villa R\u00edo Bermejito,&hellip; <\/p>\n","protected":false},"author":2,"featured_media":39695,"comment_status":"open","ping_status":"open","sticky":false,"template":"","format":"standard","meta":{"footnotes":""},"categories":[9,2],"tags":[],"class_list":["post-39694","post","type-post","status-publish","format-standard","has-post-thumbnail","hentry","category-destacadas","category-provinciales"],"_links":{"self":[{"href":"https:\/\/lametro989.com\/index.php?rest_route=\/wp\/v2\/posts\/39694","targetHints":{"allow":["GET"]}}],"collection":[{"href":"https:\/\/lametro989.com\/index.php?rest_route=\/wp\/v2\/posts"}],"about":[{"href":"https:\/\/lametro989.com\/index.php?rest_route=\/wp\/v2\/types\/post"}],"author":[{"embeddable":true,"href":"https:\/\/lametro989.com\/index.php?rest_route=\/wp\/v2\/users\/2"}],"replies":[{"embeddable":true,"href":"https:\/\/lametro989.com\/index.php?rest_route=%2Fwp%2Fv2%2Fcomments&post=39694"}],"version-history":[{"count":1,"href":"https:\/\/lametro989.com\/index.php?rest_route=\/wp\/v2\/posts\/39694\/revisions"}],"predecessor-version":[{"id":39696,"href":"https:\/\/lametro989.com\/index.php?rest_route=\/wp\/v2\/posts\/39694\/revisions\/39696"}],"wp:featuredmedia":[{"embeddable":true,"href":"https:\/\/lametro989.com\/index.php?rest_route=\/wp\/v2\/media\/39695"}],"wp:attachment":[{"href":"https:\/\/lametro989.com\/index.php?rest_route=%2Fwp%2Fv2%2Fmedia&parent=39694"}],"wp:term":[{"taxonomy":"category","embeddable":true,"href":"https:\/\/lametro989.com\/index.php?rest_route=%2Fwp%2Fv2%2Fcategories&post=39694"},{"taxonomy":"post_tag","embeddable":true,"href":"https:\/\/lametro989.com\/index.php?rest_route=%2Fwp%2Fv2%2Ftags&post=39694"}],"curies":[{"name":"wp","href":"https:\/\/api.w.org\/{rel}","templated":true}]}}