{"id":39697,"date":"2026-04-29T12:49:16","date_gmt":"2026-04-29T15:49:16","guid":{"rendered":"https:\/\/lametro989.com\/?p=39697"},"modified":"2026-04-29T12:49:16","modified_gmt":"2026-04-29T15:49:16","slug":"apartaron-al-director-regional-tras-el-escandalo-de-la-falsa-medica-en-quitilipi","status":"publish","type":"post","link":"https:\/\/lametro989.com\/?p=39697","title":{"rendered":"Apartaron al director regional tras el esc\u00e1ndalo de la falsa m\u00e9dica en Quitilipi"},"content":{"rendered":"\n<p>La medida alcanza a Orlando Di Nubila en medio de la causa por ejercicio ilegal de la medicina.<\/p>\n\n\n\n<figure class=\"wp-block-image size-full\"><img loading=\"lazy\" decoding=\"async\" width=\"850\" height=\"480\" src=\"https:\/\/lametro989.com\/wp-content\/uploads\/2026\/04\/image-325.png\" alt=\"\" class=\"wp-image-39699\" srcset=\"https:\/\/lametro989.com\/wp-content\/uploads\/2026\/04\/image-325.png 850w, https:\/\/lametro989.com\/wp-content\/uploads\/2026\/04\/image-325-300x169.png 300w, https:\/\/lametro989.com\/wp-content\/uploads\/2026\/04\/image-325-768x434.png 768w\" sizes=\"auto, (max-width: 850px) 100vw, 850px\" \/><\/figure>\n\n\n\n<p>Fuentes oficiales confirmaron a este medio el\u00a0<strong>apartamiento de Orlando Di Nubila<\/strong>, director de la Regi\u00f3n Sanitaria 2, en el marco de la investigaci\u00f3n por el caso de la mujer que ejerc\u00eda ilegalmente la medicina en hospitales de Quitilipi y Presidencia de la Plaza.<\/p>\n\n\n\n<p>La decisi\u00f3n se conoce luego de que el propio ministro&nbsp;<strong>Sergio Rodr\u00edguez reconociera p\u00fablicamente<\/strong>&nbsp;la gravedad del hecho y advirtiera que las responsabilidades pod\u00edan alcanzar&nbsp;<strong>&#8220;a todo el sistema&#8221;<\/strong>, desde directores hasta las m\u00e1ximas autoridades.<ins><\/ins><\/p>\n\n\n\n<p>La causa judicial, que se encuentra en manos del fiscal&nbsp;<strong>Marcelo Soto<\/strong>, investiga a una mujer identificada como L.M.O., acusada de ejercer ilegalmente la medicina utilizando la matr\u00edcula y el sello de otro profesional.<\/p>\n\n\n\n<h2 class=\"wp-block-heading\">EL HECHO<\/h2>\n\n\n\n<p>Seg\u00fan la investigaci\u00f3n, la falsa m\u00e9dica se habr\u00eda desempe\u00f1ado desde agosto del a\u00f1o pasado, figurando en cronogramas de guardia hasta abril. El caso sali\u00f3 a la luz cuando personal de salud detect\u00f3 fallas en su desempe\u00f1o y comenzaron a advertirse inconsistencias entre su DNI y la matr\u00edcula que utilizaba.<\/p>\n\n\n\n<p>Uno de los puntos m\u00e1s sensibles del expediente es que la mujer habr\u00eda firmado al menos nueve certificados de defunci\u00f3n con datos ap\u00f3crifos.<\/p>\n\n\n\n<p>Desde el Ministerio remarcaron que la mujer no ten\u00eda v\u00ednculo formal con la cartera sanitaria, mientras avanza la investigaci\u00f3n administrativa interna y la causa penal por&nbsp;<strong>&#8220;ejercicio ilegal de la medicina y usurpaci\u00f3n de t\u00edtulo&#8221;.<\/strong><\/p>\n","protected":false},"excerpt":{"rendered":"<p>La medida alcanza a Orlando Di Nubila en medio de la causa por ejercicio ilegal de la medicina. Fuentes oficiales confirmaron a este medio el\u00a0apartamiento&hellip; <\/p>\n","protected":false},"author":2,"featured_media":39699,"comment_status":"open","ping_status":"open","sticky":false,"template":"","format":"standard","meta":{"footnotes":""},"categories":[9,2],"tags":[],"class_list":["post-39697","post","type-post","status-publish","format-standard","has-post-thumbnail","hentry","category-destacadas","category-provinciales"],"_links":{"self":[{"href":"https:\/\/lametro989.com\/index.php?rest_route=\/wp\/v2\/posts\/39697","targetHints":{"allow":["GET"]}}],"collection":[{"href":"https:\/\/lametro989.com\/index.php?rest_route=\/wp\/v2\/posts"}],"about":[{"href":"https:\/\/lametro989.com\/index.php?rest_route=\/wp\/v2\/types\/post"}],"author":[{"embeddable":true,"href":"https:\/\/lametro989.com\/index.php?rest_route=\/wp\/v2\/users\/2"}],"replies":[{"embeddable":true,"href":"https:\/\/lametro989.com\/index.php?rest_route=%2Fwp%2Fv2%2Fcomments&post=39697"}],"version-history":[{"count":1,"href":"https:\/\/lametro989.com\/index.php?rest_route=\/wp\/v2\/posts\/39697\/revisions"}],"predecessor-version":[{"id":39700,"href":"https:\/\/lametro989.com\/index.php?rest_route=\/wp\/v2\/posts\/39697\/revisions\/39700"}],"wp:featuredmedia":[{"embeddable":true,"href":"https:\/\/lametro989.com\/index.php?rest_route=\/wp\/v2\/media\/39699"}],"wp:attachment":[{"href":"https:\/\/lametro989.com\/index.php?rest_route=%2Fwp%2Fv2%2Fmedia&parent=39697"}],"wp:term":[{"taxonomy":"category","embeddable":true,"href":"https:\/\/lametro989.com\/index.php?rest_route=%2Fwp%2Fv2%2Fcategories&post=39697"},{"taxonomy":"post_tag","embeddable":true,"href":"https:\/\/lametro989.com\/index.php?rest_route=%2Fwp%2Fv2%2Ftags&post=39697"}],"curies":[{"name":"wp","href":"https:\/\/api.w.org\/{rel}","templated":true}]}}