{"id":39704,"date":"2026-04-29T12:54:14","date_gmt":"2026-04-29T15:54:14","guid":{"rendered":"https:\/\/lametro989.com\/?p=39704"},"modified":"2026-04-29T12:54:14","modified_gmt":"2026-04-29T15:54:14","slug":"diputados-de-lla-denunciaron-penalmente-a-marcela-pagano-por-presunto-enriquecimiento-ilicito","status":"publish","type":"post","link":"https:\/\/lametro989.com\/?p=39704","title":{"rendered":"Diputados de LLA denunciaron penalmente a Marcela Pagano por presunto enriquecimiento il\u00edcito"},"content":{"rendered":"\n<p>Marcela Pagano fue quien abri\u00f3 el esc\u00e1ndalo de corrupci\u00f3n que crece d\u00eda a d\u00eda e involucra a Manuel Adorni al revelar la compra de una casa, no declarada, en un exclusivo country de Exaltaci\u00f3n de la Cruz.<\/p>\n\n\n\n<figure class=\"wp-block-image size-full\"><img loading=\"lazy\" decoding=\"async\" width=\"610\" height=\"407\" src=\"https:\/\/lametro989.com\/wp-content\/uploads\/2026\/04\/image-327.png\" alt=\"\" class=\"wp-image-39705\" srcset=\"https:\/\/lametro989.com\/wp-content\/uploads\/2026\/04\/image-327.png 610w, https:\/\/lametro989.com\/wp-content\/uploads\/2026\/04\/image-327-300x200.png 300w\" sizes=\"auto, (max-width: 610px) 100vw, 610px\" \/><\/figure>\n\n\n\n<p id=\"p-1777470757421-60077\">Un grupo de diputados del bloque La Libertad Avanza present\u00f3 este mi\u00e9rcoles una denuncia penal contra su ex coma\u00f1era de bancada&nbsp;<strong>Marcela Pagano<\/strong>, en la que la acusan por presuntos delitos de enriquecimiento il\u00edcito, omisi\u00f3n maliciosa en declaraci\u00f3n jurada patrimonial y administraci\u00f3n fraudulenta, entre otros cargos vinculados a la administraci\u00f3n p\u00fablica.<\/p>\n\n\n\n<p id=\"p-1777470765522-56392\">La presentaci\u00f3n fue radicada ante el fuero Criminal y Correccional Federal, considerado competente para investigar delitos cometidos por funcionarios nacionales en ejercicio de sus funciones.\u00a0Pagano es casualmente la diputada que revel\u00f3 que Manuel Adorni compr\u00f3 una casa en el exclusivo country de Exaltaci\u00f3n de la Cruz que no aparece en su declaraci\u00f3n jurada y que fue el punto de partida para la investigaci\u00f3n por enriquecimiento il\u00edcito que complica al Jefe de Gabinete y que crece d\u00eda a d\u00eda. Entre los firmantes figuran<strong>\u00a0Mar\u00eda Celeste Ponce, Carlos Zapata, Mar\u00eda Soledad Mondaca, Jairo Guzm\u00e1n, Sergio Figliuolo, Lilia Lemoine, Andrea Fernanda Vera, Valentina Loana Ravera, Miguel Rodr\u00edguez, Eliana Bruno, Andr\u00e9s Leone, Atilio Basualdo, Santiago Santurio y Mar\u00eda Cecilia Ib\u00e1\u00f1ez<\/strong>, entre otros diputados nacionales. En el documento judicial, los diputados libertarios se\u00f1alaron que la denuncia apunta a hechos que podr\u00edan configurar delitos contra la Administraci\u00f3n P\u00fablica Nacional, presuntamente cometidos por Pagano desde que asumi\u00f3 su banca el 10 de diciembre de 2023.<\/p>\n\n\n\n<p id=\"p-1777466631530-62639\">La acusaci\u00f3n incluy\u00f3&nbsp;posibles irregularidades vinculadas a su situaci\u00f3n patrimonial, con foco en la presentaci\u00f3n de declaraciones juradas y en la evoluci\u00f3n de sus bienes durante su desempe\u00f1o como funcionaria.<\/p>\n\n\n\n<p id=\"p-1777466631530-43570\">Adem\u00e1s del enriquecimiento il\u00edcito, los denunciantes incorporaron figuras como la omisi\u00f3n maliciosa y la administraci\u00f3n fraudulenta, lo que ampl\u00eda el alcance de la investigaci\u00f3n hacia eventuales maniobras que podr\u00edan haber afectado recursos p\u00fablicos.<\/p>\n\n\n\n<figure class=\"wp-block-image\"><img decoding=\"async\" src=\"https:\/\/media.minutouno.com\/p\/c8671e9fe4aff5142296858f1ef5e53d\/adjuntos\/150\/imagenes\/042\/492\/0042492913\/marcela-pagano.jpg?2025-06-09-15-45-55\" alt=\"\" title=\"\"\/><\/figure>\n\n\n\n<p id=\"p-1777466631530-89243\">La denuncia fue formalizada con patrocinio letrado del abogado&nbsp;<strong>Hern\u00e1n Emilio Seivane<\/strong>, quien intervino en representaci\u00f3n de los legisladores. En el escrito, los diputados fijaron domicilio procesal en la Ciudad Aut\u00f3noma de Buenos Aires y solicitaron que se investiguen los hechos bajo la \u00f3rbita federal.<\/p>\n\n\n\n<p id=\"p-1777466631530-48513\">Seg\u00fan consta en el documento, la acci\u00f3n judicial busca que se determinen las responsabilidades correspondientes y se esclarezca si existieron conductas incompatibles con el ejercicio de la funci\u00f3n p\u00fablica.<\/p>\n\n\n\n<p id=\"p-1777466631530-41239\">El caso se suma a un contexto de creciente judicializaci\u00f3n de la pol\u00edtica, donde las denuncias por presuntas irregularidades patrimoniales adquieren protagonismo en el debate p\u00fablico.<\/p>\n\n\n\n<p id=\"p-1777470765522-56392\">La situaci\u00f3n de Pagano qued\u00f3 ahora bajo an\u00e1lisis de la Justicia, que deber\u00e1 definir si existen elementos suficientes para avanzar en una investigaci\u00f3n formal sobre los hechos denunciados.<\/p>\n","protected":false},"excerpt":{"rendered":"<p>Marcela Pagano fue quien abri\u00f3 el esc\u00e1ndalo de corrupci\u00f3n que crece d\u00eda a d\u00eda e involucra a Manuel Adorni al revelar la compra de una&hellip; <\/p>\n","protected":false},"author":2,"featured_media":39705,"comment_status":"open","ping_status":"open","sticky":false,"template":"","format":"standard","meta":{"footnotes":""},"categories":[9,5],"tags":[],"class_list":["post-39704","post","type-post","status-publish","format-standard","has-post-thumbnail","hentry","category-destacadas","category-politica"],"_links":{"self":[{"href":"https:\/\/lametro989.com\/index.php?rest_route=\/wp\/v2\/posts\/39704","targetHints":{"allow":["GET"]}}],"collection":[{"href":"https:\/\/lametro989.com\/index.php?rest_route=\/wp\/v2\/posts"}],"about":[{"href":"https:\/\/lametro989.com\/index.php?rest_route=\/wp\/v2\/types\/post"}],"author":[{"embeddable":true,"href":"https:\/\/lametro989.com\/index.php?rest_route=\/wp\/v2\/users\/2"}],"replies":[{"embeddable":true,"href":"https:\/\/lametro989.com\/index.php?rest_route=%2Fwp%2Fv2%2Fcomments&post=39704"}],"version-history":[{"count":1,"href":"https:\/\/lametro989.com\/index.php?rest_route=\/wp\/v2\/posts\/39704\/revisions"}],"predecessor-version":[{"id":39706,"href":"https:\/\/lametro989.com\/index.php?rest_route=\/wp\/v2\/posts\/39704\/revisions\/39706"}],"wp:featuredmedia":[{"embeddable":true,"href":"https:\/\/lametro989.com\/index.php?rest_route=\/wp\/v2\/media\/39705"}],"wp:attachment":[{"href":"https:\/\/lametro989.com\/index.php?rest_route=%2Fwp%2Fv2%2Fmedia&parent=39704"}],"wp:term":[{"taxonomy":"category","embeddable":true,"href":"https:\/\/lametro989.com\/index.php?rest_route=%2Fwp%2Fv2%2Fcategories&post=39704"},{"taxonomy":"post_tag","embeddable":true,"href":"https:\/\/lametro989.com\/index.php?rest_route=%2Fwp%2Fv2%2Ftags&post=39704"}],"curies":[{"name":"wp","href":"https:\/\/api.w.org\/{rel}","templated":true}]}}