{"id":39707,"date":"2026-04-29T12:55:38","date_gmt":"2026-04-29T15:55:38","guid":{"rendered":"https:\/\/lametro989.com\/?p=39707"},"modified":"2026-04-29T12:55:38","modified_gmt":"2026-04-29T15:55:38","slug":"corruptos-son-ustedes-el-nuevo-ataque-de-javier-milei-a-los-periodistas-en-el-congreso","status":"publish","type":"post","link":"https:\/\/lametro989.com\/?p=39707","title":{"rendered":"&#8220;Corruptos son ustedes&#8221;: el nuevo ataque de Javier Milei a los periodistas en el Congreso"},"content":{"rendered":"\n<p>Javier Milei respondi\u00f3 con agravios al ser consultado por la situaci\u00f3n judicial de Manuel Adorni. El hecho refleja una escalada en el conflicto con la prensa.<\/p>\n\n\n\n<figure class=\"wp-block-image size-full\"><img loading=\"lazy\" decoding=\"async\" width=\"610\" height=\"407\" src=\"https:\/\/lametro989.com\/wp-content\/uploads\/2026\/04\/image-328.png\" alt=\"\" class=\"wp-image-39708\" srcset=\"https:\/\/lametro989.com\/wp-content\/uploads\/2026\/04\/image-328.png 610w, https:\/\/lametro989.com\/wp-content\/uploads\/2026\/04\/image-328-300x200.png 300w\" sizes=\"auto, (max-width: 610px) 100vw, 610px\" \/><\/figure>\n\n\n\n<p id=\"p-1777475682656-43458\">El presidente<strong>&nbsp;<a href=\"https:\/\/www.minutouno.com\/politica\/video-javier-milei-respaldo-manuel-adorni-al-ritmo-rocky-el-congreso-n6272106\" target=\"_blank\" rel=\"noreferrer noopener\">Javier Milei&nbsp;<\/a><\/strong>protagoniz\u00f3 un nuevo y tenso cruce con la prensa acreditada en el Congreso de la Naci\u00f3n. Al ingresar al Palacio Legislativo a paso raudo, escoltado por su hermana Karina y con el Gabinete a pleno detr\u00e1s suyo, el mandatario reaccion\u00f3 con insultos ante las insistentes preguntas sobre la situaci\u00f3n del jefe de Gabinete, Manuel Adorni.<\/p>\n\n\n\n<p id=\"p-1777475682656-98143\">Ante la consulta reiterada de un cronista sobre por qu\u00e9 sostiene al funcionario en su cargo, y tras escuchar que alguien le gritaba &#8220;corrupto&#8221;, el jefe de Estado se mostr\u00f3 visiblemente fastidioso y respondi\u00f3 sin frenar su marcha con un fuerte agravio generalizado:\u00a0<em>&#8220;Corruptos son ustedes&#8221;<\/em>. El silencio de los ministros y la escalada contra la prensa<\/p>\n\n\n\n<p id=\"p-1777475682656-81654\">El clima de hostilidad tambi\u00e9n se reflej\u00f3 en el resto de la comitiva oficial. Los ministros que caminaban detr\u00e1s del Presidente evitaron responder a las consultas period\u00edsticas. Las \u00fanicas excepciones fueron el ministro del Interior, Diego Santilli; la senadora nacional Patricia Bullrich, y la ministra de Capital Humano, Sandra Pettovello, quienes al menos saludaron y se excusaron ante los micr\u00f3fonos.<\/p>\n\n\n\n<p id=\"p-1777475682656-13758\">Este episodio en el Congreso no es un hecho aislado, sino que se enmarca en una&nbsp;<strong>escalada del Gobierno contra la prensa<\/strong>. El jueves de la semana pasada, Milei orden\u00f3 a la Casa Militar prohibir el ingreso de los periodistas acreditados a la Casa Rosada, retirando las credenciales a m\u00e1s de 60 trabajadores de prensa.<\/p>\n\n\n\n<figure class=\"wp-block-image\"><img decoding=\"async\" src=\"https:\/\/media.minutouno.com\/p\/f84185d520e918b2279929a76911e2e2\/adjuntos\/150\/imagenes\/043\/336\/0043336481\/610x0\/smart\/image.png\" alt=\"Javier Milei y Karina Milei en el Congreso\" title=\"Javier Milei y Karina Milei en el Congreso\"\/><\/figure>\n\n\n\n<p id=\"p-1777476063827-19594\">Javier Milei y Karina Milei en el Congreso<\/p>\n\n\n\n<h2 class=\"wp-block-heading\" id=\"p-1777475682656-8713\">Las causas judiciales que incomodan al oficialismo<\/h2>\n\n\n\n<p id=\"p-1777475682656-12143\">Los repetidos insultos del Presidente hacia el periodismo, replicados diariamente en redes sociales por funcionarios y simpatizantes libertarios, se han potenciado en las \u00faltimas semanas.<\/p>\n\n\n\n<p id=\"p-1777475682656-98143\">Este nivel de confrontaci\u00f3n crece al comp\u00e1s de los vaivenes del plan econ\u00f3mico y de las fuertes novedades judiciales que sacuden a la administraci\u00f3n: el&nbsp;<strong>presunto enriquecimiento il\u00edcito<\/strong>&nbsp;de Manuel Adorni, los avances en la causa&nbsp;<em>$LIBRA<\/em>&nbsp;(donde se investiga una presunta mega estafa), y las graves acusaciones de corrupci\u00f3n impulsadas por la Justicia por irregularidades detectadas en la Agencia Nacional de Discapacidad.<\/p>\n","protected":false},"excerpt":{"rendered":"<p>Javier Milei respondi\u00f3 con agravios al ser consultado por la situaci\u00f3n judicial de Manuel Adorni. El hecho refleja una escalada en el conflicto con la&hellip; <\/p>\n","protected":false},"author":2,"featured_media":39708,"comment_status":"open","ping_status":"open","sticky":false,"template":"","format":"standard","meta":{"footnotes":""},"categories":[9,5],"tags":[],"class_list":["post-39707","post","type-post","status-publish","format-standard","has-post-thumbnail","hentry","category-destacadas","category-politica"],"_links":{"self":[{"href":"https:\/\/lametro989.com\/index.php?rest_route=\/wp\/v2\/posts\/39707","targetHints":{"allow":["GET"]}}],"collection":[{"href":"https:\/\/lametro989.com\/index.php?rest_route=\/wp\/v2\/posts"}],"about":[{"href":"https:\/\/lametro989.com\/index.php?rest_route=\/wp\/v2\/types\/post"}],"author":[{"embeddable":true,"href":"https:\/\/lametro989.com\/index.php?rest_route=\/wp\/v2\/users\/2"}],"replies":[{"embeddable":true,"href":"https:\/\/lametro989.com\/index.php?rest_route=%2Fwp%2Fv2%2Fcomments&post=39707"}],"version-history":[{"count":1,"href":"https:\/\/lametro989.com\/index.php?rest_route=\/wp\/v2\/posts\/39707\/revisions"}],"predecessor-version":[{"id":39709,"href":"https:\/\/lametro989.com\/index.php?rest_route=\/wp\/v2\/posts\/39707\/revisions\/39709"}],"wp:featuredmedia":[{"embeddable":true,"href":"https:\/\/lametro989.com\/index.php?rest_route=\/wp\/v2\/media\/39708"}],"wp:attachment":[{"href":"https:\/\/lametro989.com\/index.php?rest_route=%2Fwp%2Fv2%2Fmedia&parent=39707"}],"wp:term":[{"taxonomy":"category","embeddable":true,"href":"https:\/\/lametro989.com\/index.php?rest_route=%2Fwp%2Fv2%2Fcategories&post=39707"},{"taxonomy":"post_tag","embeddable":true,"href":"https:\/\/lametro989.com\/index.php?rest_route=%2Fwp%2Fv2%2Ftags&post=39707"}],"curies":[{"name":"wp","href":"https:\/\/api.w.org\/{rel}","templated":true}]}}