{"id":39717,"date":"2026-04-30T10:19:48","date_gmt":"2026-04-30T13:19:48","guid":{"rendered":"https:\/\/lametro989.com\/?p=39717"},"modified":"2026-04-30T10:19:48","modified_gmt":"2026-04-30T13:19:48","slug":"se-inicio-el-periodo-de-tachas-para-docentes-de-nivel-primario-inscriptos-en-interinatos-y-suplencias","status":"publish","type":"post","link":"https:\/\/lametro989.com\/?p=39717","title":{"rendered":"SE INICI\u00d3 EL PER\u00cdODO DE TACHAS PARA DOCENTES DE NIVEL PRIMARIO INSCRIPTOS EN INTERINATOS Y SUPLENCIAS"},"content":{"rendered":"\n<p>*El Ministerio de Educaci\u00f3n, a trav\u00e9s de las Juntas de Clasificaci\u00f3n de Nivel Primario con sedes en Resistencia y Presidencia Roque S\u00e1enz Pe\u00f1a, correspondientes a las Regiones Educativas 1 a 10, inform\u00f3 que desde este mi\u00e9rcoles 29 de abril y por el t\u00e9rmino de 10 d\u00edas h\u00e1biles se lleva adelante el per\u00edodo de tachas para los docentes inscriptos en el per\u00edodo extraordinario de interinatos y suplencias 2026.<\/p>\n\n\n\n<p>Durante este plazo, los aspirantes podr\u00e1n verificar y, en caso de ser necesario, solicitar correcciones en las listas provisorias correspondientes a maestros de grado y de materias especiales.<br>Las listas se encuentran disponibles en la plataforma Tu Gobierno Digital, a trav\u00e9s de la aplicaci\u00f3n SIE, ingresando al men\u00fa: Juntas -Listados vigentes.<br>Para mayor informaci\u00f3n o consultas, los interesados pueden dirigirse a:<br>-Sede Resistencia: Gobernador Bosch N\u00b0 99, Nave 1, de 7:30 a 13:00.<br>-Correo electr\u00f3nico: jprciameccyt@gmail.com<br>-Tel\u00e9fono: 3624 453015<br>-Sede S\u00e1enz Pe\u00f1a: Chacabuco N\u00b0 310 (planta baja, calle 5 esquina 8), de 7:00 a 15:00.<br>-Correo electr\u00f3nico: juntaprimariasp@gmail.com<br>-Tel\u00e9fono: 3644 549053<\/p>\n\n\n\n<p>El Ministerio recuerda la importancia de este per\u00edodo, ya que permite garantizar la correcta conformaci\u00f3n de los listados definitivos para la cobertura de cargos docentes en toda la provincia.<\/p>\n","protected":false},"excerpt":{"rendered":"<p>*El Ministerio de Educaci\u00f3n, a trav\u00e9s de las Juntas de Clasificaci\u00f3n de Nivel Primario con sedes en Resistencia y Presidencia Roque S\u00e1enz Pe\u00f1a, correspondientes a&hellip; <\/p>\n","protected":false},"author":2,"featured_media":39718,"comment_status":"open","ping_status":"open","sticky":false,"template":"","format":"standard","meta":{"footnotes":""},"categories":[1],"tags":[],"class_list":["post-39717","post","type-post","status-publish","format-standard","has-post-thumbnail","hentry","category-espacio-publicitario"],"_links":{"self":[{"href":"https:\/\/lametro989.com\/index.php?rest_route=\/wp\/v2\/posts\/39717","targetHints":{"allow":["GET"]}}],"collection":[{"href":"https:\/\/lametro989.com\/index.php?rest_route=\/wp\/v2\/posts"}],"about":[{"href":"https:\/\/lametro989.com\/index.php?rest_route=\/wp\/v2\/types\/post"}],"author":[{"embeddable":true,"href":"https:\/\/lametro989.com\/index.php?rest_route=\/wp\/v2\/users\/2"}],"replies":[{"embeddable":true,"href":"https:\/\/lametro989.com\/index.php?rest_route=%2Fwp%2Fv2%2Fcomments&post=39717"}],"version-history":[{"count":1,"href":"https:\/\/lametro989.com\/index.php?rest_route=\/wp\/v2\/posts\/39717\/revisions"}],"predecessor-version":[{"id":39719,"href":"https:\/\/lametro989.com\/index.php?rest_route=\/wp\/v2\/posts\/39717\/revisions\/39719"}],"wp:featuredmedia":[{"embeddable":true,"href":"https:\/\/lametro989.com\/index.php?rest_route=\/wp\/v2\/media\/39718"}],"wp:attachment":[{"href":"https:\/\/lametro989.com\/index.php?rest_route=%2Fwp%2Fv2%2Fmedia&parent=39717"}],"wp:term":[{"taxonomy":"category","embeddable":true,"href":"https:\/\/lametro989.com\/index.php?rest_route=%2Fwp%2Fv2%2Fcategories&post=39717"},{"taxonomy":"post_tag","embeddable":true,"href":"https:\/\/lametro989.com\/index.php?rest_route=%2Fwp%2Fv2%2Ftags&post=39717"}],"curies":[{"name":"wp","href":"https:\/\/api.w.org\/{rel}","templated":true}]}}