{"id":401,"date":"2023-06-22T22:08:21","date_gmt":"2023-06-23T01:08:21","guid":{"rendered":"https:\/\/lametro989.com\/?p=401"},"modified":"2023-06-22T22:08:21","modified_gmt":"2023-06-23T01:08:21","slug":"wado-de-pedro-lanzo-en-sus-redes-sociales-su-precandidatura-presidencial-por-union-por-la-patria","status":"publish","type":"post","link":"https:\/\/lametro989.com\/?p=401","title":{"rendered":"Wado de Pedro lanz\u00f3 en sus redes sociales su precandidatura presidencial por Uni\u00f3n por la Patria"},"content":{"rendered":"\n<p>El spot se convirti\u00f3 en la oficializaci\u00f3n de la precandidatura de Wado de Pedro para competir en las PASO de Uni\u00f3n por la Patria.<\/p>\n\n\n\n<figure class=\"wp-block-image size-full\"><img loading=\"lazy\" decoding=\"async\" width=\"1000\" height=\"632\" src=\"https:\/\/lametro989.com\/wp-content\/uploads\/2023\/06\/imagen-4.png\" alt=\"\" class=\"wp-image-402\" srcset=\"https:\/\/lametro989.com\/wp-content\/uploads\/2023\/06\/imagen-4.png 1000w, https:\/\/lametro989.com\/wp-content\/uploads\/2023\/06\/imagen-4-300x190.png 300w, https:\/\/lametro989.com\/wp-content\/uploads\/2023\/06\/imagen-4-768x485.png 768w\" sizes=\"auto, (max-width: 1000px) 100vw, 1000px\" \/><\/figure>\n","protected":false},"excerpt":{"rendered":"<p>El spot se convirti\u00f3 en la oficializaci\u00f3n de la precandidatura de Wado de Pedro para competir en las PASO de Uni\u00f3n por la Patria.<\/p>\n","protected":false},"author":2,"featured_media":402,"comment_status":"open","ping_status":"open","sticky":false,"template":"","format":"standard","meta":{"footnotes":""},"categories":[9,5],"tags":[],"class_list":["post-401","post","type-post","status-publish","format-standard","has-post-thumbnail","hentry","category-destacadas","category-politica"],"_links":{"self":[{"href":"https:\/\/lametro989.com\/index.php?rest_route=\/wp\/v2\/posts\/401","targetHints":{"allow":["GET"]}}],"collection":[{"href":"https:\/\/lametro989.com\/index.php?rest_route=\/wp\/v2\/posts"}],"about":[{"href":"https:\/\/lametro989.com\/index.php?rest_route=\/wp\/v2\/types\/post"}],"author":[{"embeddable":true,"href":"https:\/\/lametro989.com\/index.php?rest_route=\/wp\/v2\/users\/2"}],"replies":[{"embeddable":true,"href":"https:\/\/lametro989.com\/index.php?rest_route=%2Fwp%2Fv2%2Fcomments&post=401"}],"version-history":[{"count":1,"href":"https:\/\/lametro989.com\/index.php?rest_route=\/wp\/v2\/posts\/401\/revisions"}],"predecessor-version":[{"id":403,"href":"https:\/\/lametro989.com\/index.php?rest_route=\/wp\/v2\/posts\/401\/revisions\/403"}],"wp:featuredmedia":[{"embeddable":true,"href":"https:\/\/lametro989.com\/index.php?rest_route=\/wp\/v2\/media\/402"}],"wp:attachment":[{"href":"https:\/\/lametro989.com\/index.php?rest_route=%2Fwp%2Fv2%2Fmedia&parent=401"}],"wp:term":[{"taxonomy":"category","embeddable":true,"href":"https:\/\/lametro989.com\/index.php?rest_route=%2Fwp%2Fv2%2Fcategories&post=401"},{"taxonomy":"post_tag","embeddable":true,"href":"https:\/\/lametro989.com\/index.php?rest_route=%2Fwp%2Fv2%2Ftags&post=401"}],"curies":[{"name":"wp","href":"https:\/\/api.w.org\/{rel}","templated":true}]}}