{"id":411,"date":"2023-06-22T22:43:02","date_gmt":"2023-06-23T01:43:02","guid":{"rendered":"https:\/\/lametro989.com\/?p=411"},"modified":"2023-06-22T22:43:02","modified_gmt":"2023-06-23T01:43:02","slug":"rodriguez-larreta-apura-el-anuncio-de-la-formula-presidencial-con-gerardo-morales-y-confia-en-el-efecto-jujuy","status":"publish","type":"post","link":"https:\/\/lametro989.com\/?p=411","title":{"rendered":"Rodr\u00edguez Larreta apura el anuncio de la f\u00f3rmula presidencial con Gerardo Morales y conf\u00eda en el \u201cefecto Jujuy\u201d"},"content":{"rendered":"\n<p>En las filas del jefe de Gobierno creen que la postura del gobernador atraer\u00e1 votos del electorado duro, al igual que la candidatura de Miguel \u00c1ngel Pichetto en la provincia de Buenos Aires. Gustavo Posse, posible vice de Diego Santilli<\/p>\n\n\n\n<figure class=\"wp-block-image size-full\"><img loading=\"lazy\" decoding=\"async\" width=\"768\" height=\"432\" src=\"https:\/\/lametro989.com\/wp-content\/uploads\/2023\/06\/imagen-7.png\" alt=\"\" class=\"wp-image-412\" srcset=\"https:\/\/lametro989.com\/wp-content\/uploads\/2023\/06\/imagen-7.png 768w, https:\/\/lametro989.com\/wp-content\/uploads\/2023\/06\/imagen-7-300x169.png 300w\" sizes=\"auto, (max-width: 768px) 100vw, 768px\" \/><\/figure>\n\n\n\n<p>Mientras se prepara el anuncio de la f\u00f3rmula que compartir\u00e1 con <strong>Horacio Rodr\u00edguez Larreta, Gerardo Morales<\/strong> sum\u00f3 puntos para el equipo pol\u00edtico del jefe de Gobierno a partir del duro conflicto que atraviesa Jujuy: para el larretismo, el gobernador y l\u00edder de la UCR gan\u00f3 en exposici\u00f3n p\u00fablica y, adem\u00e1s, <strong>se fortaleci\u00f3 ante el electorado duro<\/strong> por su firme postura ante los incidentes juje\u00f1os.<\/p>\n\n\n\n<p>El perfil \u201chalconizado\u201d de Morales, seg\u00fan el entorno larretista, se <strong>complementar\u00e1 <\/strong>con el estilo moderado del alcalde porte\u00f1o, que esta ma\u00f1ana confirm\u00f3 otra incorporaci\u00f3n de un miembro del ala dura de Juntos por el Cambio: <strong>Miguel \u00c1ngel Pichetto,<\/strong> l\u00edder de Encuentro Republicano Federal, encabezar\u00e1 la lista de candidatos a diputado nacional en la provincia de Buenos Aires y el propio Rodr\u00edguez Larreta anunci\u00f3 que, si llega a la Casa Rosada, propondr\u00e1 que <strong>presida <\/strong>la C\u00e1mara baja.El anuncio del binomio Larreta-Morales podr\u00eda hacerse <strong>este viernes o el s\u00e1bado,<\/strong> d\u00eda en que, a la medianoche, vencer\u00e1 el plazo para la presentaci\u00f3n de las listas de candidatos. \u201cEstamos viendo\u201d, se limitaron a decir cerca del gobernador juje\u00f1o sobre la fecha y la modalidad para confirmar la noticia. Allegados al jefe de Gobierno deslizaron que ser\u00eda el viernes y que para <strong>el lunes est\u00e1 previsto un gran acto de lanzamiento<\/strong> de la f\u00f3rmula presidencial y de los principales postulantes larretistas.<\/p>\n\n\n\n<p>Los estrategas del sector tambi\u00e9n tienen en cuenta cu\u00e1ndo se confirmar\u00e1 la f\u00f3rmula de Uni\u00f3n por la Patria que impulsa Cristina Kirchner y que podr\u00eda ser Eduardo \u201cWado\u201d de Pedro-Juan Manzur. Si se concreta este mismo jueves, podr\u00eda <strong>anticiparse <\/strong>el anuncio de Rodr\u00edguez Larreta y Morales.<\/p>\n\n\n\n<p>En las filas del larretismo est\u00e1n <strong>entusiasmados por el \u201cefecto Jujuy\u201d<\/strong> que aportar\u00eda Morales, pero tambi\u00e9n consideran que Patricia Bullrich les hizo \u201cun favor enorme\u201d al haber elegido a <strong>Luis Petri <\/strong>como su compa\u00f1ero de f\u00f3rmula. Creen que no es un dirigente conocido, que no tiene el apoyo oficial del radicalismo y que acent\u00faa el mismo perfil intransigente de la ex ministra de Seguridad, algo que, interpretan cerca del alcalde porte\u00f1o, <strong>le sacar\u00e1 votos del electorado moderado y de centro.<\/strong><\/p>\n\n\n\n<p>Para el c\u00edrculo \u00edntimo de Rodr\u00edguez Larreta, puede favorecerlo electoralmente que el elegido de Bullrich no haya sido <strong>Maximiliano Abad,<\/strong> titular de la UCR bonaerense, que podr\u00eda haber sumado m\u00e1s decisivos votos radicales en el interior de la provincia de Buenos Aires, aunque el bullrichismo sigue negociando para llevarlo como su <strong>primer postulante a senador nacional<\/strong> por el distrito bonaerense.<\/p>\n\n\n\n<p><img loading=\"lazy\" decoding=\"async\" alt=\"Gustavo Posse es uno de los candidatos m\u00e1s firmes para secundar a Diego Santilli como candidato a vicegobernador bonaerense\" class=\"\" src=\"https:\/\/cloudfront-us-east-1.images.arcpublishing.com\/infobae\/UUWESZCGBFANFIPB7UDUWVCWNQ.jpg\" srcset=\"https:\/\/www.infobae.com\/new-resizer\/zcXU2tCSL7eObAMcSYbBpvk-2oQ=\/420x236\/filters:format(webp):quality(85)\/cloudfront-us-east-1.images.arcpublishing.com\/infobae\/UUWESZCGBFANFIPB7UDUWVCWNQ.jpg 420w,https:\/\/www.infobae.com\/new-resizer\/sZVqYshbFySqKGrBGQWjTM6QBtE=\/768x432\/filters:format(webp):quality(85)\/cloudfront-us-east-1.images.arcpublishing.com\/infobae\/UUWESZCGBFANFIPB7UDUWVCWNQ.jpg 768w,https:\/\/www.infobae.com\/new-resizer\/11MLrAJ8Z29EpFy9WoDIAJ6IhWo=\/992x558\/filters:format(webp):quality(85)\/cloudfront-us-east-1.images.arcpublishing.com\/infobae\/UUWESZCGBFANFIPB7UDUWVCWNQ.jpg 992w,https:\/\/www.infobae.com\/new-resizer\/bc_ECPZu2eiFKkDPJvjMoHys0LQ=\/1200x675\/filters:format(webp):quality(85)\/cloudfront-us-east-1.images.arcpublishing.com\/infobae\/UUWESZCGBFANFIPB7UDUWVCWNQ.jpg 1200w,https:\/\/www.infobae.com\/new-resizer\/W47KN-5nt46Mo6c4Y9dFp_YQGQE=\/1440x810\/filters:format(webp):quality(85)\/cloudfront-us-east-1.images.arcpublishing.com\/infobae\/UUWESZCGBFANFIPB7UDUWVCWNQ.jpg 1440w\" width=\"1920\" height=\"1079\">Gustavo Posse es uno de los candidatos m\u00e1s firmes para secundar a Diego Santilli como candidato a vicegobernador bonaerense<\/p>\n\n\n\n<p>Todav\u00eda hay intensas negociaciones para definir qui\u00e9n secundar\u00e1 a Diego Santilli como candidato a vicegobernador bonaerense. El que tiene mayores posibilidades es el radical <strong>Gustavo Posse,<\/strong> intendente de San Isidro, con incidencia en la estructura provincial de la UCR y predicamento en la Primera Secci\u00f3n Electoral. Aun as\u00ed, la definici\u00f3n de ese puesto est\u00e1 condicionada a las negociaciones por el primer candidato a senador nacional por la provincia de Buenos Aires. Hab\u00eda circulado el nombre de Facundo Manes, aunque en el santillismo admitieron que es <strong>dif\u00edcil <\/strong>que acepte la propuesta.<\/p>\n\n\n\n<p>En el armado bonaerense de Rodr\u00edguez Larreta, tambi\u00e9n se confirm\u00f3 que Pichetto ser\u00e1 secundado en la lista de candidatos a diputado nacional por <strong>Silvia Lospennato,<\/strong> cuyo mandato en la C\u00e1mara Baja vence en diciembre e integra la mesa pol\u00edtica del jefe de Gobierno. Adem\u00e1s, en la n\u00f3mina figurar\u00e1 <strong>M\u00f3nica Frade, <\/strong>de la Coalici\u00f3n C\u00edvica, otra diputada que deber\u00e1 renovar su banca a fin de a\u00f1o.<\/p>\n\n\n\n<p>Los operadores larretistas tambi\u00e9n negocian los lugares en la lista de candidatos a diputado nacional del PRO en la ciudad de Buenos Aires: el dirigente que cuenta con el aval del jefe de Gobierno y de Jorge Macri, el postulante del partido a jefe de Gobierno, es <strong>Waldo Wolff, <\/strong>actual secretario de Asuntos P\u00fablicos porte\u00f1o, un referente de los \u201chalcones\u201d que est\u00e1 alineado con el ex intendente de Vicente L\u00f3pez y, al mismo tiempo, convertido en uno de los voceros m\u00e1s activos de Rodr\u00edguez Larreta.<\/p>\n","protected":false},"excerpt":{"rendered":"<p>En las filas del jefe de Gobierno creen que la postura del gobernador atraer\u00e1 votos del electorado duro, al igual que la candidatura de Miguel&hellip; <\/p>\n","protected":false},"author":2,"featured_media":412,"comment_status":"open","ping_status":"open","sticky":false,"template":"","format":"standard","meta":{"footnotes":""},"categories":[5],"tags":[],"class_list":["post-411","post","type-post","status-publish","format-standard","has-post-thumbnail","hentry","category-politica"],"_links":{"self":[{"href":"https:\/\/lametro989.com\/index.php?rest_route=\/wp\/v2\/posts\/411","targetHints":{"allow":["GET"]}}],"collection":[{"href":"https:\/\/lametro989.com\/index.php?rest_route=\/wp\/v2\/posts"}],"about":[{"href":"https:\/\/lametro989.com\/index.php?rest_route=\/wp\/v2\/types\/post"}],"author":[{"embeddable":true,"href":"https:\/\/lametro989.com\/index.php?rest_route=\/wp\/v2\/users\/2"}],"replies":[{"embeddable":true,"href":"https:\/\/lametro989.com\/index.php?rest_route=%2Fwp%2Fv2%2Fcomments&post=411"}],"version-history":[{"count":1,"href":"https:\/\/lametro989.com\/index.php?rest_route=\/wp\/v2\/posts\/411\/revisions"}],"predecessor-version":[{"id":413,"href":"https:\/\/lametro989.com\/index.php?rest_route=\/wp\/v2\/posts\/411\/revisions\/413"}],"wp:featuredmedia":[{"embeddable":true,"href":"https:\/\/lametro989.com\/index.php?rest_route=\/wp\/v2\/media\/412"}],"wp:attachment":[{"href":"https:\/\/lametro989.com\/index.php?rest_route=%2Fwp%2Fv2%2Fmedia&parent=411"}],"wp:term":[{"taxonomy":"category","embeddable":true,"href":"https:\/\/lametro989.com\/index.php?rest_route=%2Fwp%2Fv2%2Fcategories&post=411"},{"taxonomy":"post_tag","embeddable":true,"href":"https:\/\/lametro989.com\/index.php?rest_route=%2Fwp%2Fv2%2Ftags&post=411"}],"curies":[{"name":"wp","href":"https:\/\/api.w.org\/{rel}","templated":true}]}}