{"id":414,"date":"2023-06-22T22:46:51","date_gmt":"2023-06-23T01:46:51","guid":{"rendered":"https:\/\/lametro989.com\/?p=414"},"modified":"2023-06-22T22:46:51","modified_gmt":"2023-06-23T01:46:51","slug":"hugo-moyano-sera-el-primer-precandidato-a-diputado-nacional-de-daniel-scioli-por-la-provincia-de-buenos-aires","status":"publish","type":"post","link":"https:\/\/lametro989.com\/?p=414","title":{"rendered":"Hugo Moyano ser\u00e1 el primer precandidato a diputado nacional de Daniel Scioli por la provincia de Buenos Aires"},"content":{"rendered":"\n<p>El l\u00edder del Sindicato de Camioneros, junto con su esposa, estuvo en la primera fila del lanzamiento presidencial del embajador en Brasil. Aliado de Alberto Fern\u00e1ndez, asumir\u00e1 un puesto clave en la pelea interna del oficialismo en las PASO<\/p>\n\n\n\n<figure class=\"wp-block-image size-full\"><img loading=\"lazy\" decoding=\"async\" width=\"768\" height=\"512\" src=\"https:\/\/lametro989.com\/wp-content\/uploads\/2023\/06\/imagen-8.png\" alt=\"\" class=\"wp-image-415\" srcset=\"https:\/\/lametro989.com\/wp-content\/uploads\/2023\/06\/imagen-8.png 768w, https:\/\/lametro989.com\/wp-content\/uploads\/2023\/06\/imagen-8-300x200.png 300w\" sizes=\"auto, (max-width: 768px) 100vw, 768px\" \/><\/figure>\n\n\n\n<p>Sorpresivamente, <strong>Hugo Moyano<\/strong> ocupar\u00e1 un lugar decisivo en la disputa electoral del oficialismo: encabezar\u00e1 la lista de <strong>diputados nacionales<\/strong> por la provincia de Buenos Aires por Unidos Triunfaremos, el sector de <strong>Daniel Scioli<\/strong> para disputar la postulaci\u00f3n presidencial con Eduardo \u201cWado\u201d de Pedro, quien confirm\u00f3 esta tarde su candidatura para la Casa Rosada, apoyado por Cristina Kirchner.<\/p>\n\n\n\n<p>Moyano y su esposa, Liliana Zulet, participaron este jueves del acto que presidi\u00f3 Scioli, junto con Victoria Tolosa Paz, su precandidata a gobernadora bonaerense, en el Teatro ND Ateneo. All\u00ed, en su discurso, el embajador en Brasil hizo subir al escenario al l\u00edder de Camioneros: afirm\u00f3 que \u201ctiene un significado muy grande\u201d y que asegur\u00f3 que estar\u00e1 <strong>\u201cal frente de esta batalla peronista\u201d.<\/strong><\/p>\n\n\n\n<p>Al terminar el acto, Scioli dijo: <strong>\u201cQuiero estar con mi historia y mi experiencia para recuperar en plenitud la columna del movimiento nacional justicialista, eso me dijo Moyano\u201d.<\/strong><\/p>\n\n\n\n<p>La noticia, que ser\u00e1 anunciada por Scioli este viernes, <strong>sorprendi\u00f3 <\/strong>hasta a los dirigentes m\u00e1s cercanos a Moyano e incluso a sus hijos Pablo y Facundo. Hasta hoy, el ex jefe de la CGT <strong>apoyaba en las sombras <\/strong>el proyecto presidencial del embajador en Brasil, algo que no sorprend\u00eda porque el sindicalista es aliado pol\u00edtico y amigo personal de<strong> Alberto Fern\u00e1ndez,<\/strong> promotor de la candidatura sciolista.<\/p>\n\n\n\n<p>Hace dos semanas, Scioli encabez\u00f3 un encuentro con unos <strong>30 sindicalistas<\/strong> que fue impulsado por Juan Pablo Brey, titular del gremio de aeronavegantes, y del que particip\u00f3 <strong>Pablo Moyano.<\/strong> Hasta ese momento, el hijo mayor de Hugo Moyano se mostraba en sinton\u00eda con el kirchnerismo, otro de los puntos de discordia con su padre y con su hermano Facundo. Esta tarde, mientras su padre participaba del acto con Scioli, el secretario adjunto de Camioneros manten\u00eda <strong>una reuni\u00f3n con \u201cWado\u201d de Pedro,<\/strong> flamante precandidato presidencial, en la sede de su sindicato.<\/p>\n\n\n\n<p>Los \u00faltimos realineamientos en el tablero electoral del oficialismo dejaron desacomodado al <strong>sector mayoritario de la CGT<\/strong> (\u201cGordos\u201d e independientes), que desde hace meses dieron se\u00f1ales de apoyar el proyecto presidencial de Sergio Massa. Inclusive la semana pasada lo <strong>ratificaron <\/strong>con un sugestivo comunicado de prensa de la CGT en el que, a tono con los deseos del ministro de Econom\u00eda, pidieron la unidad del oficialismo alrededor de <strong>un candidato \u00fanico, sin PASO.<\/strong><\/p>\n\n\n\n<p><img loading=\"lazy\" decoding=\"async\" alt=\"&quot;Wado&quot; de Pedro y Pablo Moyano, juntos mientras Hugo Moyano compart\u00eda el acto con Daniel Scioli\" class=\"\" src=\"https:\/\/cloudfront-us-east-1.images.arcpublishing.com\/infobae\/2IPJRN5NCZE3LJHB2WZIXVTSFY.jpg\" srcset=\"https:\/\/www.infobae.com\/new-resizer\/rvnmreBRZqZzXL7zxdUVt1gm-HQ=\/420x315\/filters:format(webp):quality(85)\/cloudfront-us-east-1.images.arcpublishing.com\/infobae\/2IPJRN5NCZE3LJHB2WZIXVTSFY.jpg 420w,https:\/\/www.infobae.com\/new-resizer\/et8ErhxrcMc4oewoaYR9i77GADc=\/768x576\/filters:format(webp):quality(85)\/cloudfront-us-east-1.images.arcpublishing.com\/infobae\/2IPJRN5NCZE3LJHB2WZIXVTSFY.jpg 768w,https:\/\/www.infobae.com\/new-resizer\/pyhUIMFwY_jbQhl0jp6YQeLYa7A=\/992x744\/filters:format(webp):quality(85)\/cloudfront-us-east-1.images.arcpublishing.com\/infobae\/2IPJRN5NCZE3LJHB2WZIXVTSFY.jpg 992w,https:\/\/www.infobae.com\/new-resizer\/GFsTJsVuhatqaSaI7PQ_7t9biao=\/1200x900\/filters:format(webp):quality(85)\/cloudfront-us-east-1.images.arcpublishing.com\/infobae\/2IPJRN5NCZE3LJHB2WZIXVTSFY.jpg 1200w,https:\/\/www.infobae.com\/new-resizer\/8RVXtf08E6tl5QePp6Vp1ysDCrA=\/1440x1080\/filters:format(webp):quality(85)\/cloudfront-us-east-1.images.arcpublishing.com\/infobae\/2IPJRN5NCZE3LJHB2WZIXVTSFY.jpg 1440w\" width=\"1920\" height=\"1371\">&#8220;Wado&#8221; de Pedro y Pablo Moyano, juntos mientras Hugo Moyano compart\u00eda el acto con Daniel Scioli<\/p>\n\n\n\n<p>Adem\u00e1s de Hugo Moyano, el que consigui\u00f3 una ubicaci\u00f3n inmejorable en el mapa del peronismo que viene es el gastron\u00f3mico <strong>Luis Barrionuevo: <\/strong>hace dos a\u00f1os se acerc\u00f3 al ministro del Interior, un movimiento curioso entre un miembro del sindicalismo tradicional y un exponente de La C\u00e1mpora. Y el 1\u00b0 de junio pasado, esa relaci\u00f3n de potenci\u00f3 en un encuentro de Barrionuevo y De Pedro, en la sede de los obreros de maestranza (SOMRA), con la presencia de unos 30 sindicatos. All\u00ed llam\u00f3 la atenci\u00f3n la presencia del cotitular de la CGT <strong>Carlos Acu\u00f1a<\/strong> (estaciones de servicio), un fiel exponente del barrionuevismo que hasta entonces encolumnado detr\u00e1s de Massa y referente del <strong>Frente Renovador<\/strong>. Su esposa, Blanca Cantero, es intendenta del partido de Presidente Per\u00f3n por el espacio massista.<\/p>\n\n\n\n<p>La impactante candidatura de Moyano provocar\u00e1 <strong>reacomodamientos <\/strong>en el escenario sindical y lleva a poner la mira en <strong>las elecciones del Sindicato de Camioneros<\/strong> en septiembre pr\u00f3ximo: todo parec\u00eda indicar que el l\u00edder gremial buscar\u00eda una<strong> nueva reelecci\u00f3n<\/strong> (est\u00e1 en su cargo desde 1987) y la duda es si ser\u00eda secundado otra vez por su hijo Pablo, con quien mantiene una fuerte pelea por la crisis financiera de la obra social camionera. Ahora, algunos se preguntan si Hugo Moyano buscar\u00e1 la continuidad en el sindicato y, si accede a su banca, cumplir con el mandato legislativo, o <strong>si elegir\u00e1 un solo cargo.<\/strong><\/p>\n\n\n\n<p>Moyano hasta ahora no tuvo mucha suerte en sus incursiones electorales. En 2013 fund\u00f3 el <strong>Partido de la Cultura, la Educaci\u00f3n y el Trabajo,<\/strong> que acumul\u00f3 una serie de traspi\u00e9s en las urnas. Hoy, sigue presidido por Octavio Arg\u00fcello y su vicepresidenta es <strong>Karina Moyano,<\/strong> hija de Hugo, secretaria de la Mujer de la Federaci\u00f3n Nacional de Trabajadores Camioneros y mencionada como una posible candidata a diputado desde 2021. Ahora, su padre asumir\u00e1 ese desaf\u00edo.<\/p>\n","protected":false},"excerpt":{"rendered":"<p>El l\u00edder del Sindicato de Camioneros, junto con su esposa, estuvo en la primera fila del lanzamiento presidencial del embajador en Brasil. Aliado de Alberto&hellip; <\/p>\n","protected":false},"author":2,"featured_media":415,"comment_status":"open","ping_status":"open","sticky":false,"template":"","format":"standard","meta":{"footnotes":""},"categories":[5],"tags":[],"class_list":["post-414","post","type-post","status-publish","format-standard","has-post-thumbnail","hentry","category-politica"],"_links":{"self":[{"href":"https:\/\/lametro989.com\/index.php?rest_route=\/wp\/v2\/posts\/414","targetHints":{"allow":["GET"]}}],"collection":[{"href":"https:\/\/lametro989.com\/index.php?rest_route=\/wp\/v2\/posts"}],"about":[{"href":"https:\/\/lametro989.com\/index.php?rest_route=\/wp\/v2\/types\/post"}],"author":[{"embeddable":true,"href":"https:\/\/lametro989.com\/index.php?rest_route=\/wp\/v2\/users\/2"}],"replies":[{"embeddable":true,"href":"https:\/\/lametro989.com\/index.php?rest_route=%2Fwp%2Fv2%2Fcomments&post=414"}],"version-history":[{"count":1,"href":"https:\/\/lametro989.com\/index.php?rest_route=\/wp\/v2\/posts\/414\/revisions"}],"predecessor-version":[{"id":416,"href":"https:\/\/lametro989.com\/index.php?rest_route=\/wp\/v2\/posts\/414\/revisions\/416"}],"wp:featuredmedia":[{"embeddable":true,"href":"https:\/\/lametro989.com\/index.php?rest_route=\/wp\/v2\/media\/415"}],"wp:attachment":[{"href":"https:\/\/lametro989.com\/index.php?rest_route=%2Fwp%2Fv2%2Fmedia&parent=414"}],"wp:term":[{"taxonomy":"category","embeddable":true,"href":"https:\/\/lametro989.com\/index.php?rest_route=%2Fwp%2Fv2%2Fcategories&post=414"},{"taxonomy":"post_tag","embeddable":true,"href":"https:\/\/lametro989.com\/index.php?rest_route=%2Fwp%2Fv2%2Ftags&post=414"}],"curies":[{"name":"wp","href":"https:\/\/api.w.org\/{rel}","templated":true}]}}