{"id":425,"date":"2023-06-26T20:06:45","date_gmt":"2023-06-26T23:06:45","guid":{"rendered":"https:\/\/lametro989.com\/?p=425"},"modified":"2023-06-26T20:06:45","modified_gmt":"2023-06-26T23:06:45","slug":"el-escrutinio-definitivo-de-formosa-comenzara-el-proximo-miercoles","status":"publish","type":"post","link":"https:\/\/lametro989.com\/?p=425","title":{"rendered":"El escrutinio definitivo de Formosa comenzar\u00e1 el pr\u00f3ximo mi\u00e9rcoles"},"content":{"rendered":"\n<p>Para la actividad se instalar\u00e1n doce mesas y participar\u00e1n las autoridades y funcionarios del Tribunal Electoral Permanente, adem\u00e1s de los fiscales de los partidos pol\u00edticos.\u00a0Podr\u00eda concluir el domingo 2 de julio.<\/p>\n\n\n\n<figure class=\"wp-block-image size-large\"><img loading=\"lazy\" decoding=\"async\" width=\"1024\" height=\"682\" src=\"https:\/\/lametro989.com\/wp-content\/uploads\/2023\/06\/imagen-10-1024x682.png\" alt=\"\" class=\"wp-image-426\" srcset=\"https:\/\/lametro989.com\/wp-content\/uploads\/2023\/06\/imagen-10-1024x682.png 1024w, https:\/\/lametro989.com\/wp-content\/uploads\/2023\/06\/imagen-10-300x200.png 300w, https:\/\/lametro989.com\/wp-content\/uploads\/2023\/06\/imagen-10-768x512.png 768w, https:\/\/lametro989.com\/wp-content\/uploads\/2023\/06\/imagen-10.png 1280w\" sizes=\"auto, (max-width: 1024px) 100vw, 1024px\" \/><\/figure>\n\n\n\n<p>El operativo de repliegue de urnas en Formosa finaliz\u00f3 este lunes y desde el Tribunal Electoral Permanente (TEP) anunciaron que el <strong>mi\u00e9rcoles comenzar\u00e1 a realizarse el escrutinio definitivo para conocer los resultados de los comicios que se llevaron a cabo este domingo en la provincia para elegir gobernador.<\/strong><\/p>\n\n\n\n<p>Con el arribo a la capital provincial del \u00faltimo cami\u00f3n de la empresa Andreani, proveniente del nodo Ingeniero Ju\u00e1rez, se dio por concluido el operativo de repliegue de urnas, y el mi\u00e9rcoles 28, a las 18 horas, se iniciar\u00e1 del escrutinio definitivo, informaron desde el TEP.<\/p>\n\n\n\n<p>Ante la presencia de apoderados de los lemas, el TEP coloc\u00f3 este lunes un precinto en el recinto ubicado en el SUM de la Escuela N\u00b0 66 donde se resguarda la totalidad de las urnas y se abrir\u00e1 el mi\u00e9rcoles 28 por la tarde, con el inicio del escrutinio definitivo.<\/p>\n\n\n\n<p>La presidenta del TEP, Sandra Moreno, adelant\u00f3 a la prensa local que <strong>de acuerdo a las estimaciones, el escrutinio definitivo podr\u00eda concluir el domingo 2 de julio.<\/strong><\/p>\n\n\n\n<p>Para esta actividad se instalar\u00e1n doce mesas y participar\u00e1n las autoridades y funcionarios del TEP, adem\u00e1s de los fiscales de los partidos pol\u00edticos.<\/p>\n\n\n\n<p>Adem\u00e1s, para agilizar el trabajo, la Unidad Provincial de Sistemas y Tecnolog\u00edas de Informaci\u00f3n (UPSTI) instalar\u00e1 catorce computadoras.<\/p>\n\n\n\n<p>Por su parte, el juez del Tribunal Electoral, Daniel Moreno, evalu\u00f3 la jornada electoral como \u201caltamente positiva\u201d al se\u00f1alar que \u201cla prueba es el alto porcentaje de votantes&#8221;.<\/p>\n\n\n\n<p><strong>&#8220;Marcamos un r\u00e9cord a nivel pa\u00eds de participantes de votos, en lo que va del a\u00f1o, en el top tres de participaci\u00f3n de porcentaje a nivel provincial\u201d,<\/strong> a\u00f1adi\u00f3 y detall\u00f3 que el d\u00eda domingo 25 \u201cla ciudadan\u00eda formose\u00f1a tuvo la oportunidad de elegir entre los 2.543 candidatos que se presentaron en las distintas categor\u00edas\u201d.<\/p>\n\n\n\n<p>El paso siguiente para el TEP es labrar el acta pertinente y proclamar a las autoridades electas en la provincia de Formosa para el per\u00edodo 2023-2027.<\/p>\n\n\n\n<p><strong><em>Fuente: T\u00e9lam<\/em><\/strong><\/p>\n","protected":false},"excerpt":{"rendered":"<p>Para la actividad se instalar\u00e1n doce mesas y participar\u00e1n las autoridades y funcionarios del Tribunal Electoral Permanente, adem\u00e1s de los fiscales de los partidos pol\u00edticos.\u00a0Podr\u00eda&hellip; <\/p>\n","protected":false},"author":2,"featured_media":426,"comment_status":"open","ping_status":"open","sticky":false,"template":"","format":"standard","meta":{"footnotes":""},"categories":[5],"tags":[],"class_list":["post-425","post","type-post","status-publish","format-standard","has-post-thumbnail","hentry","category-politica"],"_links":{"self":[{"href":"https:\/\/lametro989.com\/index.php?rest_route=\/wp\/v2\/posts\/425","targetHints":{"allow":["GET"]}}],"collection":[{"href":"https:\/\/lametro989.com\/index.php?rest_route=\/wp\/v2\/posts"}],"about":[{"href":"https:\/\/lametro989.com\/index.php?rest_route=\/wp\/v2\/types\/post"}],"author":[{"embeddable":true,"href":"https:\/\/lametro989.com\/index.php?rest_route=\/wp\/v2\/users\/2"}],"replies":[{"embeddable":true,"href":"https:\/\/lametro989.com\/index.php?rest_route=%2Fwp%2Fv2%2Fcomments&post=425"}],"version-history":[{"count":1,"href":"https:\/\/lametro989.com\/index.php?rest_route=\/wp\/v2\/posts\/425\/revisions"}],"predecessor-version":[{"id":427,"href":"https:\/\/lametro989.com\/index.php?rest_route=\/wp\/v2\/posts\/425\/revisions\/427"}],"wp:featuredmedia":[{"embeddable":true,"href":"https:\/\/lametro989.com\/index.php?rest_route=\/wp\/v2\/media\/426"}],"wp:attachment":[{"href":"https:\/\/lametro989.com\/index.php?rest_route=%2Fwp%2Fv2%2Fmedia&parent=425"}],"wp:term":[{"taxonomy":"category","embeddable":true,"href":"https:\/\/lametro989.com\/index.php?rest_route=%2Fwp%2Fv2%2Fcategories&post=425"},{"taxonomy":"post_tag","embeddable":true,"href":"https:\/\/lametro989.com\/index.php?rest_route=%2Fwp%2Fv2%2Ftags&post=425"}],"curies":[{"name":"wp","href":"https:\/\/api.w.org\/{rel}","templated":true}]}}