{"id":437,"date":"2023-06-26T20:17:42","date_gmt":"2023-06-26T23:17:42","guid":{"rendered":"https:\/\/lametro989.com\/?p=437"},"modified":"2023-06-26T20:17:42","modified_gmt":"2023-06-26T23:17:42","slug":"cristina-justifico-la-eleccion-de-massa-para-ganar-hay-que-apostar","status":"publish","type":"post","link":"https:\/\/lametro989.com\/?p=437","title":{"rendered":"Cristina justific\u00f3 la elecci\u00f3n de Massa: &#8220;Para ganar hay que apostar&#8221;"},"content":{"rendered":"\n<p>La vicepresidenta Cristina Kirchner acompa\u00f1\u00f3 al ministro de Econom\u00eda, Sergio Massa, en su primer acto p\u00fablico como precandidato presidencial de Uni\u00f3n por la Patria y revel\u00f3 detalles sobre el dram\u00e1tico cierre de listas que evit\u00f3 una confrontaci\u00f3n en el oficialismo.<\/p>\n\n\n\n<figure class=\"wp-block-image size-full\"><img loading=\"lazy\" decoding=\"async\" width=\"696\" height=\"390\" src=\"https:\/\/lametro989.com\/wp-content\/uploads\/2023\/06\/imagen-14.png\" alt=\"\" class=\"wp-image-438\" srcset=\"https:\/\/lametro989.com\/wp-content\/uploads\/2023\/06\/imagen-14.png 696w, https:\/\/lametro989.com\/wp-content\/uploads\/2023\/06\/imagen-14-300x168.png 300w\" sizes=\"auto, (max-width: 696px) 100vw, 696px\" \/><\/figure>\n\n\n\n<p>Cristina Kirchner y el flamante aspirante a Presidente de Uni\u00f3n por la Patria se mostraron por primera vez desde el anuncio de su postulaci\u00f3n, en un acto conjunto por la recuperaci\u00f3n del avi\u00f3n Skyvan PA-51, utilizado para los \u201cvuelos de la muerte&#8221;, en la Aerostaci\u00f3n Militar del Aeroparque Jorge Newbery.<\/p>\n\n\n\n<p>&#8220;Para ganar hay que apostar&#8221;, sostuvo la titular del Senado, que se\u00f1al\u00f3 que &#8220;era necesaria una lista de unidad&#8221; en medio de las dificultades econ\u00f3micas del pa\u00eds a partir del acuerdo con el FMI. Adem\u00e1s, aclar\u00f3 que si se manten\u00eda el escenario de PASO que impulsaba el presidente Alberto Fern\u00e1ndez, &#8220;Wado&#8221; de Pedro hubiera sido&#8221; su candidato en la interna, de quien adem\u00e1s destac\u00f3 que se baj\u00f3 para ubicarse &#8220;donde el proyecto pide&#8221;.<\/p>\n\n\n\n<p>No obstante, remarc\u00f3 que su postura era la de &#8220;una lista de unidad&#8221;, como termin\u00f3 sucediendo m\u00e1s all\u00e1 de la que present\u00f3 Juan Grabois, iniciativa que a su parecer era la que mejor le\u00eda el contexto pol\u00edtico del pa\u00eds.<\/p>\n\n\n\n<p>Al respecto, record\u00f3 que el peronismo viene de sufrir hace dos a\u00f1os &#8220;la derrota parlamentaria m\u00e1s importante de su historia&#8221;. &#8220;Perdimos la mayor\u00eda y perdimos el qu\u00f3rum del Senado&#8230;si la soluci\u00f3n era pelarnos entre nosotros&#8230;&#8221;, insisti\u00f3 para cuestionar el reclamo de las PASO de Alberto Fern\u00e1ndez.<\/p>\n\n\n\n<p>&#8220;El Presidente se abander\u00f3 en hacer PASO cuando era necesario hacer una compresi\u00f3n de texto del momento pol\u00edtico en el que uno est\u00e1. Hab\u00eda 15 gobernadores que hab\u00edan pedido una lista de unidad, la CGT tambi\u00e9n hab\u00eda sacado un documento pidiendo lo mismo&#8221;, se\u00f1al\u00f3.<\/p>\n\n\n\n<p>Tambi\u00e9n coment\u00f3 que &#8220;ni con una 45 en la cabeza&#8221; lo hubiera llamado a Daniel Scioli para bajarlo de su candidatura, en la previa a que se negociara un candidato \u00fanico.<\/p>\n\n\n\n<p>&#8220;Anoche habl\u00e9 con Daniel Scioli, con quien siempre tuve una relaci\u00f3n de respeto mutuo, tuvimos una charla excelente, algunas cosas que me dijo salieron publicadas en los diarios de hoy, as\u00ed que ni lo digo&#8221;, sostuvo.<\/p>\n\n\n\n<h6 class=\"wp-block-heading\"><strong>NEGACIONISMO<\/strong><\/h6>\n\n\n\n<p>M\u00e1s al comienzo de su mensaje, la ex mandataria pidi\u00f3 que se impulse &#8220;una Ley de Negacionismo, que la Argentina necesita y que no era necesaria hasta 2015 cuando empez\u00f3 a verse gente que niega lo que ha pasado (en la \u00faltima dictadura), una tarea que comenz\u00f3 con apoyo medi\u00e1tico&#8221;, seg\u00fan sostuvo.<\/p>\n\n\n\n<p>Previamente habl\u00f3 Massa, quien dio unas palabras m\u00e1s dirigidas al motivo del acto y con menos pronunciamientos pol\u00edtico-electorales, ya que de esto \u00faltimo s\u00f3lo sostuvo que estar\u00e1 en los &#8220;pr\u00f3ximos meses recorriendo la Argentina&#8221; como candidato a suceder a Fern\u00e1ndez.<\/p>\n\n\n\n<p>En su discurso, el titular del Palacio de Haciendo dijo que iniciativas como la recuperaci\u00f3n de este avi\u00f3n utilizado por la \u00faltima dictadura militar ayuda a &#8220;consolidar la idea de verdad y seguir recorriendo el camino de la Justicia&#8221; sobre lo ocurrido en aquellos a\u00f1os.<\/p>\n\n\n\n<p>Apunt\u00f3 tambi\u00e9n a la oposici\u00f3n, al considerar que &#8220;la idea del negacionismo, la violencia en la pol\u00edtica como mecanismo de resoluci\u00f3n de conflictos rememora el pasado m\u00e1s oscuro de la Argentina&#8221;. &#8220;Trayendo el avi\u00f3n estamos contribuyendo a la memoria, a impedir derribar la Argentina de derechos&#8221;, insisti\u00f3.<\/p>\n","protected":false},"excerpt":{"rendered":"<p>La vicepresidenta Cristina Kirchner acompa\u00f1\u00f3 al ministro de Econom\u00eda, Sergio Massa, en su primer acto p\u00fablico como precandidato presidencial de Uni\u00f3n por la Patria y&hellip; <\/p>\n","protected":false},"author":2,"featured_media":438,"comment_status":"open","ping_status":"open","sticky":false,"template":"","format":"standard","meta":{"footnotes":""},"categories":[9,5],"tags":[],"class_list":["post-437","post","type-post","status-publish","format-standard","has-post-thumbnail","hentry","category-destacadas","category-politica"],"_links":{"self":[{"href":"https:\/\/lametro989.com\/index.php?rest_route=\/wp\/v2\/posts\/437","targetHints":{"allow":["GET"]}}],"collection":[{"href":"https:\/\/lametro989.com\/index.php?rest_route=\/wp\/v2\/posts"}],"about":[{"href":"https:\/\/lametro989.com\/index.php?rest_route=\/wp\/v2\/types\/post"}],"author":[{"embeddable":true,"href":"https:\/\/lametro989.com\/index.php?rest_route=\/wp\/v2\/users\/2"}],"replies":[{"embeddable":true,"href":"https:\/\/lametro989.com\/index.php?rest_route=%2Fwp%2Fv2%2Fcomments&post=437"}],"version-history":[{"count":1,"href":"https:\/\/lametro989.com\/index.php?rest_route=\/wp\/v2\/posts\/437\/revisions"}],"predecessor-version":[{"id":439,"href":"https:\/\/lametro989.com\/index.php?rest_route=\/wp\/v2\/posts\/437\/revisions\/439"}],"wp:featuredmedia":[{"embeddable":true,"href":"https:\/\/lametro989.com\/index.php?rest_route=\/wp\/v2\/media\/438"}],"wp:attachment":[{"href":"https:\/\/lametro989.com\/index.php?rest_route=%2Fwp%2Fv2%2Fmedia&parent=437"}],"wp:term":[{"taxonomy":"category","embeddable":true,"href":"https:\/\/lametro989.com\/index.php?rest_route=%2Fwp%2Fv2%2Fcategories&post=437"},{"taxonomy":"post_tag","embeddable":true,"href":"https:\/\/lametro989.com\/index.php?rest_route=%2Fwp%2Fv2%2Ftags&post=437"}],"curies":[{"name":"wp","href":"https:\/\/api.w.org\/{rel}","templated":true}]}}