{"id":450,"date":"2023-06-26T20:40:07","date_gmt":"2023-06-26T23:40:07","guid":{"rendered":"https:\/\/lametro989.com\/?p=450"},"modified":"2023-06-26T20:40:07","modified_gmt":"2023-06-26T23:40:07","slug":"cristina-kirchner-apunto-con-todo-contra-alberto-fernandez-al-contar-el-porque-de-la-lista","status":"publish","type":"post","link":"https:\/\/lametro989.com\/?p=450","title":{"rendered":"Cristina Kirchner apunt\u00f3 con todo contra Alberto Fern\u00e1ndez al contar el porqu\u00e9 de la lista"},"content":{"rendered":"\n<p>&#8220;El presidente de la Naci\u00f3n se embander\u00f3 en hacer PASO&#8221;, sentenci\u00f3 la vicepresidenta en su primer acto junto a Sergio Massa.<\/p>\n\n\n\n<figure class=\"wp-block-image size-full\"><img loading=\"lazy\" decoding=\"async\" width=\"610\" height=\"407\" src=\"https:\/\/lametro989.com\/wp-content\/uploads\/2023\/06\/imagen-18.png\" alt=\"\" class=\"wp-image-451\" srcset=\"https:\/\/lametro989.com\/wp-content\/uploads\/2023\/06\/imagen-18.png 610w, https:\/\/lametro989.com\/wp-content\/uploads\/2023\/06\/imagen-18-300x200.png 300w\" sizes=\"auto, (max-width: 610px) 100vw, 610px\" \/><\/figure>\n\n\n\n<p>La vicepresidenta <strong>Cristina Kirchner<\/strong> encabez\u00f3 el acto de presentaci\u00f3n del <a href=\"https:\/\/www.minutouno.com\/politica\/cristina-kirchner\/en-vivo-y-sergio-massa-se-muestran-juntos-primera-vez-el-cierre-listas-n5754709\" target=\"_blank\" rel=\"noreferrer noopener\">avi\u00f3n recuperado de los vuelos de la muerte<\/a>, y apunt\u00f3 con todo contra <strong>Alberto Fern\u00e1ndez<\/strong> al contar los detalles del cierre de listas.<\/p>\n\n\n\n<p>&#8220;Construir una lista de unidad que nos permitiera abordar los problemas que tiene la sociedad muy graves. Por eso era necesario una lista de unidad&#8221;, dijo Cristina en el primer acto junto al flamante precandidato presidencial, <strong>Sergio Massa<\/strong>.<\/p>\n\n\n\n<p>La ex mandataria asegur\u00f3 que <strong>&#8220;el presidente de la Naci\u00f3n se embander\u00f3 en hacer PASO&#8221;<\/strong>, y lament\u00f3: &#8220;Hasta el d\u00eda viernes, 24 d\u00edas antes, ten\u00edamos a la ministra de Desarrollo Social de nuestro gobierno planteando elecciones internas a nuestro gobernador&#8221;.<\/p>\n\n\n\n<p>&#8220;Ni con una 45 en la cabeza llamaba a Daniel Scioli o a alguien para pedir que bajara una candidatura&#8221;, indic\u00f3 la expresidenta, y revel\u00f3: &#8220;<strong>Llam\u00e9 a Sergio y le dije que si hay PASO \u00edbamos a ir con Wado de Pedro<\/strong>. Si no hab\u00eda lista de unidad, \u00edbamos con Wado&#8221;.<\/p>\n\n\n\n<p>Cristina le cont\u00f3 a De Pedro, adelante de todos, que Alberto Fern\u00e1ndez no aprobaba que el ministro del Interior sea el candidato del consenso. <strong>&#8220;El presidente no te quer\u00eda&#8230; no te preocupes&#8221;<\/strong>, expres\u00f3, ante las risas del funcionario.<\/p>\n\n\n\n<p>\u201cEn esto terminaron las PASO en la Rep\u00fablica Argentina. En un puesto en la lista de diputados para la ministra de Desarrollo Social y otro para el Canciller&#8221;, lament\u00f3 Fern\u00e1ndez de Kirchner en relaci\u00f3n a la negociaci\u00f3n final en el cierre de la lista.<\/p>\n","protected":false},"excerpt":{"rendered":"<p>&#8220;El presidente de la Naci\u00f3n se embander\u00f3 en hacer PASO&#8221;, sentenci\u00f3 la vicepresidenta en su primer acto junto a Sergio Massa. La vicepresidenta Cristina Kirchner&hellip; <\/p>\n","protected":false},"author":2,"featured_media":451,"comment_status":"open","ping_status":"open","sticky":false,"template":"","format":"standard","meta":{"footnotes":""},"categories":[9,5],"tags":[],"class_list":["post-450","post","type-post","status-publish","format-standard","has-post-thumbnail","hentry","category-destacadas","category-politica"],"_links":{"self":[{"href":"https:\/\/lametro989.com\/index.php?rest_route=\/wp\/v2\/posts\/450","targetHints":{"allow":["GET"]}}],"collection":[{"href":"https:\/\/lametro989.com\/index.php?rest_route=\/wp\/v2\/posts"}],"about":[{"href":"https:\/\/lametro989.com\/index.php?rest_route=\/wp\/v2\/types\/post"}],"author":[{"embeddable":true,"href":"https:\/\/lametro989.com\/index.php?rest_route=\/wp\/v2\/users\/2"}],"replies":[{"embeddable":true,"href":"https:\/\/lametro989.com\/index.php?rest_route=%2Fwp%2Fv2%2Fcomments&post=450"}],"version-history":[{"count":1,"href":"https:\/\/lametro989.com\/index.php?rest_route=\/wp\/v2\/posts\/450\/revisions"}],"predecessor-version":[{"id":452,"href":"https:\/\/lametro989.com\/index.php?rest_route=\/wp\/v2\/posts\/450\/revisions\/452"}],"wp:featuredmedia":[{"embeddable":true,"href":"https:\/\/lametro989.com\/index.php?rest_route=\/wp\/v2\/media\/451"}],"wp:attachment":[{"href":"https:\/\/lametro989.com\/index.php?rest_route=%2Fwp%2Fv2%2Fmedia&parent=450"}],"wp:term":[{"taxonomy":"category","embeddable":true,"href":"https:\/\/lametro989.com\/index.php?rest_route=%2Fwp%2Fv2%2Fcategories&post=450"},{"taxonomy":"post_tag","embeddable":true,"href":"https:\/\/lametro989.com\/index.php?rest_route=%2Fwp%2Fv2%2Ftags&post=450"}],"curies":[{"name":"wp","href":"https:\/\/api.w.org\/{rel}","templated":true}]}}