{"id":456,"date":"2023-06-26T20:55:58","date_gmt":"2023-06-26T23:55:58","guid":{"rendered":"https:\/\/lametro989.com\/?p=456"},"modified":"2023-06-26T20:55:58","modified_gmt":"2023-06-26T23:55:58","slug":"confirman-pelea-en-ring-entre-flavio-azzaro-y-un-youtuber-todos-los-detalles","status":"publish","type":"post","link":"https:\/\/lametro989.com\/?p=456","title":{"rendered":"Confirman pelea en ring entre Flavio Azzaro y un youtuber: todos los detalles"},"content":{"rendered":"\n<p>El reconocido programa Paren La Mano organizar\u00e1 un evento donde pelear\u00e1n Roberto Galati y el periodista. Todos los detalles.<\/p>\n\n\n\n<figure class=\"wp-block-image size-full\"><img loading=\"lazy\" decoding=\"async\" width=\"610\" height=\"553\" src=\"https:\/\/lametro989.com\/wp-content\/uploads\/2023\/06\/imagen-20.png\" alt=\"\" class=\"wp-image-457\" srcset=\"https:\/\/lametro989.com\/wp-content\/uploads\/2023\/06\/imagen-20.png 610w, https:\/\/lametro989.com\/wp-content\/uploads\/2023\/06\/imagen-20-300x272.png 300w\" sizes=\"auto, (max-width: 610px) 100vw, 610px\" \/><\/figure>\n\n\n\n<p>Lo que comenz\u00f3 siendo una broma en el reconocido programa<strong> &#8220;Paren La Mano&#8221;<\/strong> que conduce<strong> Luquitas Rodr\u00edguez <\/strong>y est\u00e1 acompa\u00f1ado por <strong>Germ\u00e1n Beder<\/strong> y <strong>Alfredo Montes de Oca<\/strong>, se transform\u00f3 en una realidad y el evento causa furor en las redes sociales.<\/p>\n\n\n\n<p>En las \u00faltimas horas, se confirm\u00f3 la pelea entre <strong>Roberto Galati<\/strong>, compa\u00f1ero humorista de Lucas en <strong><em>&#8220;RodriguezGalati&#8221;<\/em><\/strong>, el d\u00fao que trajo muchas risas en Internet y que los dio a conocer dentro del medio, y el periodista <strong>Flavio Azzaro<\/strong>. Este evento viene como idea de copiar el estilo de <strong>La Velada del A\u00f1o<\/strong> que organiza <strong>Ibai Llanos<\/strong> y que re\u00fane a los creadores de contenido m\u00e1s conocidos del mundo: en este formato, se llamar\u00e1 <strong>P\u00e1rense de Manos.<\/strong><\/p>\n\n\n\n<p><strong>Roberto Galati fue el primer retador<\/strong>, uno de los miembros habituales del programa. Mientras pensaban posibles peleadores, invitaron a <strong>Flavio Azzaro<\/strong> a pelear en el ring contra. El periodista no dud\u00f3 en sumarse y desde ese d\u00eda comenzaron a ultimar los detalles para llevar adelante la ceremonia<\/p>\n\n\n\n<p>La idea de los miembros del programa es que sea un evento masivo de fin de a\u00f1o, con invitados de lujo y en un lugar con mucho p\u00fablico. Aunque no hay fecha confirmada, <strong>la pelea se har\u00eda a finales de noviembre o en diciembre. <\/strong>Seg\u00fan un tuit del conductor del programa, <strong>Juan Pablo Varsky<\/strong> estar\u00eda como comentarista del evento. Tambi\u00e9n estar\u00eda <strong>Duki <\/strong>y hasta podr\u00eda acompa\u00f1ar en los comentarios<strong> Jos\u00e9 Montesano.<\/strong><\/p>\n","protected":false},"excerpt":{"rendered":"<p>El reconocido programa Paren La Mano organizar\u00e1 un evento donde pelear\u00e1n Roberto Galati y el periodista. Todos los detalles. Lo que comenz\u00f3 siendo una broma&hellip; <\/p>\n","protected":false},"author":2,"featured_media":457,"comment_status":"open","ping_status":"open","sticky":false,"template":"","format":"standard","meta":{"footnotes":""},"categories":[13],"tags":[],"class_list":["post-456","post","type-post","status-publish","format-standard","has-post-thumbnail","hentry","category-nacionales"],"_links":{"self":[{"href":"https:\/\/lametro989.com\/index.php?rest_route=\/wp\/v2\/posts\/456","targetHints":{"allow":["GET"]}}],"collection":[{"href":"https:\/\/lametro989.com\/index.php?rest_route=\/wp\/v2\/posts"}],"about":[{"href":"https:\/\/lametro989.com\/index.php?rest_route=\/wp\/v2\/types\/post"}],"author":[{"embeddable":true,"href":"https:\/\/lametro989.com\/index.php?rest_route=\/wp\/v2\/users\/2"}],"replies":[{"embeddable":true,"href":"https:\/\/lametro989.com\/index.php?rest_route=%2Fwp%2Fv2%2Fcomments&post=456"}],"version-history":[{"count":1,"href":"https:\/\/lametro989.com\/index.php?rest_route=\/wp\/v2\/posts\/456\/revisions"}],"predecessor-version":[{"id":458,"href":"https:\/\/lametro989.com\/index.php?rest_route=\/wp\/v2\/posts\/456\/revisions\/458"}],"wp:featuredmedia":[{"embeddable":true,"href":"https:\/\/lametro989.com\/index.php?rest_route=\/wp\/v2\/media\/457"}],"wp:attachment":[{"href":"https:\/\/lametro989.com\/index.php?rest_route=%2Fwp%2Fv2%2Fmedia&parent=456"}],"wp:term":[{"taxonomy":"category","embeddable":true,"href":"https:\/\/lametro989.com\/index.php?rest_route=%2Fwp%2Fv2%2Fcategories&post=456"},{"taxonomy":"post_tag","embeddable":true,"href":"https:\/\/lametro989.com\/index.php?rest_route=%2Fwp%2Fv2%2Ftags&post=456"}],"curies":[{"name":"wp","href":"https:\/\/api.w.org\/{rel}","templated":true}]}}