{"id":472,"date":"2023-06-27T22:02:24","date_gmt":"2023-06-28T01:02:24","guid":{"rendered":"https:\/\/lametro989.com\/?p=472"},"modified":"2023-06-27T22:02:24","modified_gmt":"2023-06-28T01:02:24","slug":"conceden-la-excarcelacion-a-l-gante-aunque-continuara-detenido-hasta-que-la-resolucion-quede-firme","status":"publish","type":"post","link":"https:\/\/lametro989.com\/?p=472","title":{"rendered":"Conceden la excarcelaci\u00f3n a L-Gante, aunque continuar\u00e1 detenido hasta que la resoluci\u00f3n quede firme"},"content":{"rendered":"\n<p>Un juez de Garant\u00edas de Moreno concedi\u00f3 una excarcelaci\u00f3n extraordinaria a Eli\u00e1n \u00c1ngel Valenzuela, el cantante de cumbia 420 m\u00e1s conocido como L-Gante, quien est\u00e1 acusado de amenazar y privar de la libertad a dos vecinos en la localidad bonaerense de General Rodr\u00edguez, aunque el artista continuar\u00e1 detenido hasta que la resoluci\u00f3n quede firme, informaron fuentes judiciales.<\/p>\n\n\n\n<figure class=\"wp-block-image size-full\"><img loading=\"lazy\" decoding=\"async\" width=\"777\" height=\"518\" src=\"https:\/\/lametro989.com\/wp-content\/uploads\/2023\/06\/imagen-22.png\" alt=\"\" class=\"wp-image-473\" srcset=\"https:\/\/lametro989.com\/wp-content\/uploads\/2023\/06\/imagen-22.png 777w, https:\/\/lametro989.com\/wp-content\/uploads\/2023\/06\/imagen-22-300x200.png 300w, https:\/\/lametro989.com\/wp-content\/uploads\/2023\/06\/imagen-22-768x512.png 768w\" sizes=\"auto, (max-width: 777px) 100vw, 777px\" \/><\/figure>\n\n\n\n<p>La medida fue dispuesta por el juez de Garant\u00edas 2 del Departamento Judicial de Moreno, Gabriel Castro, ante el pedido del abogado de Valenzuela, Juan Pablo Merlo, pero el magistrado le concedi\u00f3 la posibilidad al fiscal del caso y a la querella que apelen la medida y, en ese caso, la decisi\u00f3n final la tendr\u00e1 la C\u00e1mara de Apelaciones de Mercedes.<\/p>\n\n\n\n<p><em>Fuente: T\u00e9lam<\/em><\/p>\n","protected":false},"excerpt":{"rendered":"<p>Un juez de Garant\u00edas de Moreno concedi\u00f3 una excarcelaci\u00f3n extraordinaria a Eli\u00e1n \u00c1ngel Valenzuela, el cantante de cumbia 420 m\u00e1s conocido como L-Gante, quien est\u00e1&hellip; <\/p>\n","protected":false},"author":2,"featured_media":473,"comment_status":"open","ping_status":"open","sticky":false,"template":"","format":"standard","meta":{"footnotes":""},"categories":[13],"tags":[],"class_list":["post-472","post","type-post","status-publish","format-standard","has-post-thumbnail","hentry","category-nacionales"],"_links":{"self":[{"href":"https:\/\/lametro989.com\/index.php?rest_route=\/wp\/v2\/posts\/472","targetHints":{"allow":["GET"]}}],"collection":[{"href":"https:\/\/lametro989.com\/index.php?rest_route=\/wp\/v2\/posts"}],"about":[{"href":"https:\/\/lametro989.com\/index.php?rest_route=\/wp\/v2\/types\/post"}],"author":[{"embeddable":true,"href":"https:\/\/lametro989.com\/index.php?rest_route=\/wp\/v2\/users\/2"}],"replies":[{"embeddable":true,"href":"https:\/\/lametro989.com\/index.php?rest_route=%2Fwp%2Fv2%2Fcomments&post=472"}],"version-history":[{"count":1,"href":"https:\/\/lametro989.com\/index.php?rest_route=\/wp\/v2\/posts\/472\/revisions"}],"predecessor-version":[{"id":474,"href":"https:\/\/lametro989.com\/index.php?rest_route=\/wp\/v2\/posts\/472\/revisions\/474"}],"wp:featuredmedia":[{"embeddable":true,"href":"https:\/\/lametro989.com\/index.php?rest_route=\/wp\/v2\/media\/473"}],"wp:attachment":[{"href":"https:\/\/lametro989.com\/index.php?rest_route=%2Fwp%2Fv2%2Fmedia&parent=472"}],"wp:term":[{"taxonomy":"category","embeddable":true,"href":"https:\/\/lametro989.com\/index.php?rest_route=%2Fwp%2Fv2%2Fcategories&post=472"},{"taxonomy":"post_tag","embeddable":true,"href":"https:\/\/lametro989.com\/index.php?rest_route=%2Fwp%2Fv2%2Ftags&post=472"}],"curies":[{"name":"wp","href":"https:\/\/api.w.org\/{rel}","templated":true}]}}