{"id":478,"date":"2023-06-27T22:08:39","date_gmt":"2023-06-28T01:08:39","guid":{"rendered":"https:\/\/lametro989.com\/?p=478"},"modified":"2023-06-27T22:08:39","modified_gmt":"2023-06-28T01:08:39","slug":"el-juicio-contra-lazaro-baez-fabio-biancalani-y-otros-comienza-en-octubre-en-resistencia","status":"publish","type":"post","link":"https:\/\/lametro989.com\/?p=478","title":{"rendered":"El juicio contra L\u00e1zaro B\u00e1ez, Fabio Biancalani y otros comienza en octubre en Resistencia"},"content":{"rendered":"\n<p>Tras la Resoluci\u00f3n del juez federal Ricardo Mianovich la causa fue elevada a juicio en el Tribunal Oral Federal de Resistencia. Est\u00e1 previsto que comience el 20 de octubre de este a\u00f1o y concluya a fines de febrero del 2024.<\/p>\n\n\n\n<figure class=\"wp-block-image size-full\"><img loading=\"lazy\" decoding=\"async\" width=\"800\" height=\"600\" src=\"https:\/\/lametro989.com\/wp-content\/uploads\/2023\/06\/imagen-24.png\" alt=\"\" class=\"wp-image-479\" srcset=\"https:\/\/lametro989.com\/wp-content\/uploads\/2023\/06\/imagen-24.png 800w, https:\/\/lametro989.com\/wp-content\/uploads\/2023\/06\/imagen-24-300x225.png 300w, https:\/\/lametro989.com\/wp-content\/uploads\/2023\/06\/imagen-24-768x576.png 768w\" sizes=\"auto, (max-width: 800px) 100vw, 800px\" \/><\/figure>\n\n\n\n<p>Luego de la resoluci\u00f3n del <strong>juez federal 2 de Resistencia, Ricardo Mianovich<\/strong>, la causa respecto de Fabio Dar\u00edo Biancalani, L\u00e1zaro Antonio B\u00e1ez, Claudio Fernando Bustos, Jorge Oscar Chueco y Julio Enrique Mendoza en expediente N\u00b0 FRE 12577\/2018,&nbsp; caratulado \u201c<em>BIANCALANI FABIO DAR\u00cdO Y OTROS S\/ INFRACCI\u00d3N LEY 24.769\u201d <\/em><strong>fue elevada a juicio<\/strong>.<\/p>\n\n\n\n<p>El litigio oral por <em>supuesta evasi\u00f3n impositiva<\/em> comenzar\u00e1 este <strong>pr\u00f3ximo 20 de octubre<\/strong> en el Tribunal Oral Federal de Resistencia que estar\u00e1 integrado por las juezas Noem\u00ed Marta Berros, Mariela Emilce Rojas y Lilia Graciela Carnero. EN tanto, la acusaci\u00f3n estar\u00e1 a cargo del fiscal federal Federico Carniel.<\/p>\n\n\n\n<p>En su Resoluci\u00f3n rubricada en febrero del 2022, Mianovich rechaza dem\u00e1s el planteo de nulidad deducido por el doctor Godofredo H\u00e9ctor P\u00e9rez Dudiuk, en favor de Fabio Dar\u00edo Biancalani, por \u201cimprocedente\u201d y desestima las oposiciones de elevaci\u00f3n a juicio planteadas por las defensas t\u00e9cnicas de Fabio Dar\u00edo Biancalani y L\u00e1zaro Antonio B\u00e1ez. As\u00ed, decide elevar la causa a juicio respecto de los cinco imputados mencionados de conformidad al art\u00edculo 351 del C\u00f3digo Procesal Penal de la Naci\u00f3n.<\/p>\n\n\n\n<p>Seg\u00fan se supo, las audiencias continuar\u00e1n el 2, 3, 14, 21 y 28 de noviembre y luego el 5, 12, 19, 20 y 21 de diciembre de 2023. El 2024, el 7, 14, y 22 de febrero. De acuerdo a lo previsto, este juicio contra quien fuera due\u00f1o de Austral Construcciones terminar\u00e1 el a\u00f1o que viene.<\/p>\n","protected":false},"excerpt":{"rendered":"<p>Tras la Resoluci\u00f3n del juez federal Ricardo Mianovich la causa fue elevada a juicio en el Tribunal Oral Federal de Resistencia. Est\u00e1 previsto que comience&hellip; <\/p>\n","protected":false},"author":2,"featured_media":479,"comment_status":"open","ping_status":"open","sticky":false,"template":"","format":"standard","meta":{"footnotes":""},"categories":[9,2],"tags":[],"class_list":["post-478","post","type-post","status-publish","format-standard","has-post-thumbnail","hentry","category-destacadas","category-provinciales"],"_links":{"self":[{"href":"https:\/\/lametro989.com\/index.php?rest_route=\/wp\/v2\/posts\/478","targetHints":{"allow":["GET"]}}],"collection":[{"href":"https:\/\/lametro989.com\/index.php?rest_route=\/wp\/v2\/posts"}],"about":[{"href":"https:\/\/lametro989.com\/index.php?rest_route=\/wp\/v2\/types\/post"}],"author":[{"embeddable":true,"href":"https:\/\/lametro989.com\/index.php?rest_route=\/wp\/v2\/users\/2"}],"replies":[{"embeddable":true,"href":"https:\/\/lametro989.com\/index.php?rest_route=%2Fwp%2Fv2%2Fcomments&post=478"}],"version-history":[{"count":1,"href":"https:\/\/lametro989.com\/index.php?rest_route=\/wp\/v2\/posts\/478\/revisions"}],"predecessor-version":[{"id":480,"href":"https:\/\/lametro989.com\/index.php?rest_route=\/wp\/v2\/posts\/478\/revisions\/480"}],"wp:featuredmedia":[{"embeddable":true,"href":"https:\/\/lametro989.com\/index.php?rest_route=\/wp\/v2\/media\/479"}],"wp:attachment":[{"href":"https:\/\/lametro989.com\/index.php?rest_route=%2Fwp%2Fv2%2Fmedia&parent=478"}],"wp:term":[{"taxonomy":"category","embeddable":true,"href":"https:\/\/lametro989.com\/index.php?rest_route=%2Fwp%2Fv2%2Fcategories&post=478"},{"taxonomy":"post_tag","embeddable":true,"href":"https:\/\/lametro989.com\/index.php?rest_route=%2Fwp%2Fv2%2Ftags&post=478"}],"curies":[{"name":"wp","href":"https:\/\/api.w.org\/{rel}","templated":true}]}}