{"id":481,"date":"2023-06-27T22:11:32","date_gmt":"2023-06-28T01:11:32","guid":{"rendered":"https:\/\/lametro989.com\/?p=481"},"modified":"2023-06-27T22:11:32","modified_gmt":"2023-06-28T01:11:32","slug":"estudios-geneticos-sobre-restos-oseos-podrian-hacerse-en-cordoba-con-el-equipo-argentino-de-antropologia","status":"publish","type":"post","link":"https:\/\/lametro989.com\/?p=481","title":{"rendered":"Estudios gen\u00e9ticos sobre restos \u00f3seos podr\u00edan hacerse en C\u00f3rdoba con el Equipo Argentino de Antropolog\u00eda"},"content":{"rendered":"\n<p>El fiscal G\u00f3mez, tras una jornada de tareas en el Instituto de Medicina y Ciencias Forenses, confirm\u00f3 que este mi\u00e9rcoles 28 se dar\u00e1n a conocer las imputaciones. Adem\u00e1s, volver\u00e1n a declarar los detenidos.<\/p>\n\n\n\n<figure class=\"wp-block-image size-large\"><img loading=\"lazy\" decoding=\"async\" width=\"1024\" height=\"684\" src=\"https:\/\/lametro989.com\/wp-content\/uploads\/2023\/06\/imagen-25-1024x684.png\" alt=\"\" class=\"wp-image-482\" srcset=\"https:\/\/lametro989.com\/wp-content\/uploads\/2023\/06\/imagen-25-1024x684.png 1024w, https:\/\/lametro989.com\/wp-content\/uploads\/2023\/06\/imagen-25-300x200.png 300w, https:\/\/lametro989.com\/wp-content\/uploads\/2023\/06\/imagen-25-768x513.png 768w, https:\/\/lametro989.com\/wp-content\/uploads\/2023\/06\/imagen-25.png 1085w\" sizes=\"auto, (max-width: 1024px) 100vw, 1024px\" \/><\/figure>\n\n\n\n<p>El fiscal Jorge G\u00f3mez, integrante del Equipo Fiscal Especial (EFE), adelant\u00f3 que comenzaron a analizar la posibilidad de enviar muestras de los restos \u00f3seos que hoy se confirm\u00f3 pertenecen a una persona adulta, a la provincia de C\u00f3rdoba para profundizar su estudio gen\u00e9tico con la participaci\u00f3n del Equipo Argentino de Antropolog\u00eda Forense.<\/p>\n\n\n\n<p>Tras una jornada de trabajo que hoy se concentr\u00f3 en el Instituto de Medicina y Ciencias Forenses del Poder Judicial del Chaco (IMCIF), donde trabajaron especialistas de ese organismo, del Instituto M\u00e9dico Forense del Poder Judicial de C\u00f3rdoba y del Instituto M\u00e9dico Forense del Poder Judicial de Corrientes, G\u00f3mez habl\u00f3 con medios presentes en el lugar y ofreci\u00f3 m\u00e1s detalles.<\/p>\n\n\n\n<p>\u201cSe deber\u00e1 hacer un an\u00e1lisis gen\u00e9tico de los restos humanos que son de una persona adulta, para determinar si son o no de Cecilia\u201d, indic\u00f3. \u201cEstamos estudiando la posibilidad de que el an\u00e1lisis gen\u00e9tico se haga a trav\u00e9s del Equipo Argentino de Antropolog\u00eda Forense, que tiene asiento en la provincia de C\u00f3rdoba, porque <strong>all\u00ed es donde se analizan restos \u00f3seos calcinados<\/strong>, como ocurre en este caso\u201d, agreg\u00f3.<\/p>\n\n\n\n<p>Asimismo, sobre las muestras de sangre halladas en un colch\u00f3n, revel\u00f3 que est\u00e1n \u201cbajo an\u00e1lisis\u201d y debe determinarse, primero \u201csi son de sangre humana\u201d, para luego analizarse a qui\u00e9n corresponden a trav\u00e9s de otro estudio gen\u00e9tico.<\/p>\n\n\n\n<h3 class=\"wp-block-heading\">Declaraciones de los imputados<\/h3>\n\n\n\n<p>Por otra parte, G\u00f3mez confirm\u00f3 que este mi\u00e9rcoles 28 se conocer\u00e1n las imputaciones en el caso y los hechos, que tienen como base todas las pruebas recolectadas y el an\u00e1lisis de las hip\u00f3tesis a cargo del equipo fiscal.<\/p>\n\n\n\n<p>\u201cEstamos analizando que una parte de los imputados declaren ma\u00f1ana y otra parte, pasado ma\u00f1ana\u201d, sostuvo finalmente G\u00f3mez.<\/p>\n","protected":false},"excerpt":{"rendered":"<p>El fiscal G\u00f3mez, tras una jornada de tareas en el Instituto de Medicina y Ciencias Forenses, confirm\u00f3 que este mi\u00e9rcoles 28 se dar\u00e1n a conocer&hellip; <\/p>\n","protected":false},"author":2,"featured_media":482,"comment_status":"open","ping_status":"open","sticky":false,"template":"","format":"standard","meta":{"footnotes":""},"categories":[2],"tags":[],"class_list":["post-481","post","type-post","status-publish","format-standard","has-post-thumbnail","hentry","category-provinciales"],"_links":{"self":[{"href":"https:\/\/lametro989.com\/index.php?rest_route=\/wp\/v2\/posts\/481","targetHints":{"allow":["GET"]}}],"collection":[{"href":"https:\/\/lametro989.com\/index.php?rest_route=\/wp\/v2\/posts"}],"about":[{"href":"https:\/\/lametro989.com\/index.php?rest_route=\/wp\/v2\/types\/post"}],"author":[{"embeddable":true,"href":"https:\/\/lametro989.com\/index.php?rest_route=\/wp\/v2\/users\/2"}],"replies":[{"embeddable":true,"href":"https:\/\/lametro989.com\/index.php?rest_route=%2Fwp%2Fv2%2Fcomments&post=481"}],"version-history":[{"count":1,"href":"https:\/\/lametro989.com\/index.php?rest_route=\/wp\/v2\/posts\/481\/revisions"}],"predecessor-version":[{"id":483,"href":"https:\/\/lametro989.com\/index.php?rest_route=\/wp\/v2\/posts\/481\/revisions\/483"}],"wp:featuredmedia":[{"embeddable":true,"href":"https:\/\/lametro989.com\/index.php?rest_route=\/wp\/v2\/media\/482"}],"wp:attachment":[{"href":"https:\/\/lametro989.com\/index.php?rest_route=%2Fwp%2Fv2%2Fmedia&parent=481"}],"wp:term":[{"taxonomy":"category","embeddable":true,"href":"https:\/\/lametro989.com\/index.php?rest_route=%2Fwp%2Fv2%2Fcategories&post=481"},{"taxonomy":"post_tag","embeddable":true,"href":"https:\/\/lametro989.com\/index.php?rest_route=%2Fwp%2Fv2%2Ftags&post=481"}],"curies":[{"name":"wp","href":"https:\/\/api.w.org\/{rel}","templated":true}]}}