{"id":484,"date":"2023-06-27T22:15:06","date_gmt":"2023-06-28T01:15:06","guid":{"rendered":"https:\/\/lametro989.com\/?p=484"},"modified":"2023-06-27T22:18:07","modified_gmt":"2023-06-28T01:18:07","slug":"con-nueve-proyectos-en-el-orden-del-dia-vuelve-a-sesionar-la-legislatura","status":"publish","type":"post","link":"https:\/\/lametro989.com\/?p=484","title":{"rendered":"Con nueve proyectos en el Orden del D\u00eda, vuelve a sesionar la Legislatura"},"content":{"rendered":"\n<p>El encuentro est\u00e1 pautado para este mi\u00e9rcoles a las 14. La Casa de la Democracia no tiene actividad habitual hace un mes, por el receso de las elecciones primarias y la suspensi\u00f3n de la \u00faltima sesi\u00f3n ordinaria, por falta de qu\u00f3rum.\u00a0<\/p>\n\n\n\n<figure class=\"wp-block-image size-large\"><img loading=\"lazy\" decoding=\"async\" width=\"1024\" height=\"613\" src=\"https:\/\/lametro989.com\/wp-content\/uploads\/2023\/06\/imagen-26-1024x613.png\" alt=\"\" class=\"wp-image-485\" srcset=\"https:\/\/lametro989.com\/wp-content\/uploads\/2023\/06\/imagen-26-1024x613.png 1024w, https:\/\/lametro989.com\/wp-content\/uploads\/2023\/06\/imagen-26-300x180.png 300w, https:\/\/lametro989.com\/wp-content\/uploads\/2023\/06\/imagen-26-768x460.png 768w, https:\/\/lametro989.com\/wp-content\/uploads\/2023\/06\/imagen-26-1536x920.png 1536w, https:\/\/lametro989.com\/wp-content\/uploads\/2023\/06\/imagen-26.png 1600w\" sizes=\"auto, (max-width: 1024px) 100vw, 1024px\" \/><\/figure>\n\n\n\n<p>En el marco de la reuni\u00f3n de Labor Parlamentaria que se llev\u00f3 a cabo este martes, diputadas y diputados de distintos espacios pol\u00edticos consensuaron el temario que se tratar\u00e1 en la sesi\u00f3n ordinaria, que tiene como eje proyectos para el sector docente, expropiaciones y ratificaciones de decretos del poder ejecutivo.&nbsp;Estuvieron presentes el diputado Hugo Sager y las legisladoras Paola Ben\u00edtez, Zulma Galeano y Teresa Cubells.<\/p>\n\n\n\n<p>El primer punto, es un iniciativa de la presidenta de la C\u00e1mara de Diputados, \u00c9lida Cuesta, que propone declarar Patrimonio Hist\u00f3rico y Cultural del Chaco, al edificio educativo en La Verde, donde funcion\u00f3 la primera Escuela Primaria urbana, la antigua Escuela Secundaria N\u00b0 20 e inicialmente la Biblioteca P\u00fablica N\u00b0 37 \u201cAlejandro Mar\u00eda Aguado\u201d.&nbsp;<\/p>\n\n\n\n<p>Hubo consenso tambi\u00e9n para tratar la creaci\u00f3n del portal web mujeres rurales a trav\u00e9s del cual las mujeres que residan en zonas rurales de la provincia tendr\u00e1n acceso a todo aquello relativo al universo de la actividad rural y la mujer, iniciativa de los legisladores Juan Manuel Pedrini (mandato cumplido) y Hugo Sager.&nbsp;<\/p>\n\n\n\n<p>Como tercer punto de la alteraci\u00f3n del orden del d\u00eda se encuentra la propuesta de adhesi\u00f3n de la provincia del Chaco a la Ley Nacional&nbsp; de &#8220;Sistema \u00fanico normalizado de identificaci\u00f3n de talles de indumentaria&#8221;.<\/p>\n\n\n\n<p>Luego, las y los legisladores abordar\u00e1n la reinstauraci\u00f3n,&nbsp; por el t\u00e9rmino de dos a\u00f1os, de la Ley 3088-A de expropiaci\u00f3n del inmueble ubicado en la zona rural del departamento Libertador General San Mart\u00edn.<\/p>\n\n\n\n<h3 class=\"wp-block-heading\">Leyes para el sector docente<\/h3>\n\n\n\n<p>Est\u00e1 previsto por otra parte, el tratamiento de un Proyecto de Ley impulsado por la ex legisladora Carina Batalla, por el que buscar\u00e1 modificar el art\u00edculo 369 del t\u00edtulo XXIII, cap\u00edtulo III del Estatuto del Docente, con el&nbsp; objetivo de&nbsp; acompa\u00f1ar a docentes que iniciaron los Proyectos Educativos Hospitalarios y Domiciliarios en diferentes localidades de la Provincia, capacit\u00e1ndose en diferentes instituciones y cuyos t\u00edtulos hoy no cuentan con la validez del Ministerio de Educaci\u00f3n.&nbsp;<\/p>\n\n\n\n<p>Continuando con la tem\u00e1tica docente, la Legislatura provincial debatir\u00e1 una iniciativa del bloque radical, por el cual se propicia modificar el Estatuto del Docente, en relaci\u00f3n a los&nbsp; interinatos y suplencias estableciendo que \u201cel personal interino o suplente, sin perjuicio de lo establecido en el Art\u00edculo 5, cesar\u00e1 autom\u00e1ticamente: Ante la presentaci\u00f3n de personal con t\u00edtulo docente en la \u00e9poca y modo fijados por la reglamentaci\u00f3n. Este inciso no ser\u00e1 de aplicaci\u00f3n sobre docentes que hayan sido designados con competencia docente en horas c\u00e1tedra y\/o cargos.\u201d<\/p>\n\n\n\n<p>Tambi\u00e9n el temario incluye la ratificaci\u00f3n de decretos del Poder Ejecutivo, como el N\u00b02677\/2021, que establece a partir del 01 de julio de 2021 la actualizaci\u00f3n de los porcentajes de distribuci\u00f3n del fondo &#8220;multas&#8221; establecido por el art. 4\u00b0 de la ley n\u00b0 2968-F.<\/p>\n\n\n\n<p>Asimismo, se incorpor\u00f3 la ratificaci\u00f3n del Decreto N\u00b0 2324\/22, a trav\u00e9s del cual se otorga una suma no remunerativa y no bonificable, para el personal de planta permanente titular o subrogante designado por decreto del poder ejecutivo, que presta efectiva funci\u00f3n como director o jefe de departamento, y que perciba bonificaci\u00f3n por dedicaci\u00f3n exclusiva, en el Ministerio de Salud P\u00fablica.<\/p>\n\n\n\n<p>Como \u00faltimo punto, se encuentra el proyecto para ratificar por Ley el Decreto N\u00b0 2186\/22, a trav\u00e9s del cual se otorga un incremento en el valor del d\u00eda para el personal jornalizado de la administraci\u00f3n p\u00fablica provincial.&nbsp;<\/p>\n","protected":false},"excerpt":{"rendered":"<p>El encuentro est\u00e1 pautado para este mi\u00e9rcoles a las 14. La Casa de la Democracia no tiene actividad habitual hace un mes, por el receso&hellip; <\/p>\n","protected":false},"author":2,"featured_media":485,"comment_status":"open","ping_status":"open","sticky":false,"template":"","format":"standard","meta":{"footnotes":""},"categories":[9,5],"tags":[],"class_list":["post-484","post","type-post","status-publish","format-standard","has-post-thumbnail","hentry","category-destacadas","category-politica"],"_links":{"self":[{"href":"https:\/\/lametro989.com\/index.php?rest_route=\/wp\/v2\/posts\/484","targetHints":{"allow":["GET"]}}],"collection":[{"href":"https:\/\/lametro989.com\/index.php?rest_route=\/wp\/v2\/posts"}],"about":[{"href":"https:\/\/lametro989.com\/index.php?rest_route=\/wp\/v2\/types\/post"}],"author":[{"embeddable":true,"href":"https:\/\/lametro989.com\/index.php?rest_route=\/wp\/v2\/users\/2"}],"replies":[{"embeddable":true,"href":"https:\/\/lametro989.com\/index.php?rest_route=%2Fwp%2Fv2%2Fcomments&post=484"}],"version-history":[{"count":1,"href":"https:\/\/lametro989.com\/index.php?rest_route=\/wp\/v2\/posts\/484\/revisions"}],"predecessor-version":[{"id":486,"href":"https:\/\/lametro989.com\/index.php?rest_route=\/wp\/v2\/posts\/484\/revisions\/486"}],"wp:featuredmedia":[{"embeddable":true,"href":"https:\/\/lametro989.com\/index.php?rest_route=\/wp\/v2\/media\/485"}],"wp:attachment":[{"href":"https:\/\/lametro989.com\/index.php?rest_route=%2Fwp%2Fv2%2Fmedia&parent=484"}],"wp:term":[{"taxonomy":"category","embeddable":true,"href":"https:\/\/lametro989.com\/index.php?rest_route=%2Fwp%2Fv2%2Fcategories&post=484"},{"taxonomy":"post_tag","embeddable":true,"href":"https:\/\/lametro989.com\/index.php?rest_route=%2Fwp%2Fv2%2Ftags&post=484"}],"curies":[{"name":"wp","href":"https:\/\/api.w.org\/{rel}","templated":true}]}}