{"id":487,"date":"2023-06-27T22:16:55","date_gmt":"2023-06-28T01:16:55","guid":{"rendered":"https:\/\/lametro989.com\/?p=487"},"modified":"2023-06-27T22:16:55","modified_gmt":"2023-06-28T01:16:55","slug":"capitanich-en-la-provincia-todos-estamos-del-mismo-lado-pidiendo-justicia-por-cecilia","status":"publish","type":"post","link":"https:\/\/lametro989.com\/?p=487","title":{"rendered":"Capitanich: \u201cEn la provincia todos estamos del mismo lado, pidiendo justicia por Cecilia\u201d"},"content":{"rendered":"\n<p>En conferencia de prensa, el mandatario se refiri\u00f3 a \u201cuna campa\u00f1a con ataques sistem\u00e1ticos\u201d para instalar que el Chaco es una provincia feudal, donde existe corrupci\u00f3n y asociaci\u00f3n ilegal con movimientos sociales: \u201cLes pido a los medios de comunicaci\u00f3n que dejen de mentir\u201d, requiri\u00f3, al desmentir tambi\u00e9n comunicaciones con Emerenciano Sena luego de la desaparici\u00f3n de la joven. \u201cLa madre de Cecilia tiene todo mi apoyo\u201d, resalt\u00f3.<\/p>\n\n\n\n<figure class=\"wp-block-image size-large\"><img loading=\"lazy\" decoding=\"async\" width=\"1024\" height=\"682\" src=\"https:\/\/lametro989.com\/wp-content\/uploads\/2023\/06\/imagen-27-1024x682.png\" alt=\"\" class=\"wp-image-488\" srcset=\"https:\/\/lametro989.com\/wp-content\/uploads\/2023\/06\/imagen-27-1024x682.png 1024w, https:\/\/lametro989.com\/wp-content\/uploads\/2023\/06\/imagen-27-300x200.png 300w, https:\/\/lametro989.com\/wp-content\/uploads\/2023\/06\/imagen-27-768x512.png 768w, https:\/\/lametro989.com\/wp-content\/uploads\/2023\/06\/imagen-27-1536x1023.png 1536w, https:\/\/lametro989.com\/wp-content\/uploads\/2023\/06\/imagen-27.png 1600w\" sizes=\"auto, (max-width: 1024px) 100vw, 1024px\" \/><\/figure>\n\n\n\n<p>El gobernador Jorge Capitanich, junto a la vicegobernadora Anal\u00eda Rach Quiroga, todos los integrantes del gabinete chaque\u00f1o, diputados provinciales y nacionales, senadores chaque\u00f1os e intendentes, lament\u00f3 el \u201cuso pol\u00edtico\u201d del caso Cecilia Strzyzowski a trav\u00e9s de operaciones de prensa con \u201cnoticias falsas y mentiras sistem\u00e1ticas\u201d; a la vez que desminti\u00f3 la existencia de una conversaci\u00f3n con Emerenciano Sena -hoy detenido e imputado en la causa- luego de la desaparici\u00f3n y presunto femicidio de la joven. <strong>\u201cNo se puede pensar que nosotros estamos siendo condescendientes con un hecho de estas caracter\u00edsticas\u201d,<\/strong> enfatiz\u00f3.<\/p>\n\n\n\n<p><strong>\u201cNo me puedo hacer cargo de conductas individuales de las personas\u201d,<\/strong> resalt\u00f3 en conferencia de prensa desde Casa de Gobierno, indicando que tiene padrinazgos, fotos y v\u00ednculos con toda la comunidad chaque\u00f1a, dada la cercan\u00eda y participaci\u00f3n en incontable cantidad de actividades y acciones de gobierno a lo largo de sus mandatos constitucionales como gobernador. &nbsp;<\/p>\n\n\n\n<p>Adem\u00e1s de esa comunicaci\u00f3n con Sena, que desminti\u00f3, el gobernador tambi\u00e9n desestim\u00f3 la veracidad de publicaciones sobre vinculaciones de su gobierno con la organizaci\u00f3n social investigada a trav\u00e9s de transferencias de fondos posteriores al 2 de junio, la cantidad de predios otorgados, la construcci\u00f3n de obras de pavimento urbano de madrugada, y la falta de control del Estado.<\/p>\n\n\n\n<p><strong>\u201cPretender vincular al gobernador de la provincia con un hecho de estas caracter\u00edsticas es un ataque siniestro, que nunca se observ\u00f3 en la historia argentina\u201d, enfatiz\u00f3.<\/strong><\/p>\n\n\n\n<p>Al iniciar la rueda de prensa, de la que participaron medios provinciales y nacionales, Capitanich explic\u00f3 que la convocatoria tuvo como objeto \u201caclarar una serie de puntos\u201d, en base a algunas publicaciones period\u00edsticas que contin\u00faan intentando vincularlo con quienes hoy est\u00e1n detenidos e imputados en la causa 22.632\/2023-1 \u201cSena, C\u00e9sar Mario Alejandro y otros s\/ femicidio\u201d por la muerte de Cecilia Strzyzowski.<\/p>\n\n\n\n<p>Una de esas publicaciones hablaba sobre una posible comunicaci\u00f3n entre el gobernador del Chaco y el dirigente Emerenciano Sena, luego de la desaparici\u00f3n de Cecilia. <strong>\u201cEs falso de falsedad absoluta. Tengo familia y me afecta sensiblemente el coraz\u00f3n. Les pido a los medios de comunicaci\u00f3n que dejen de mentir, a quienes lo hacen con un odio que es imposible de aceptar\u201d, <\/strong>requiri\u00f3. Adem\u00e1s, record\u00f3 que el abogado de parte ya se expres\u00f3 sobre esta cuesti\u00f3n particular, de igual forma que el fiscal Jorge G\u00f3mez confirm\u00f3 hoy ante los medios que en el expediente judicial no existe ninguna referencia a tal comunicaci\u00f3n.<\/p>\n\n\n\n<p>\u201cTengo el cuero duro de la pol\u00edtica, he soportado todo tipo de ataques\u201d, dijo finalmente sobre la primera cuesti\u00f3n a la que se refiri\u00f3 en la rueda ante los medios.<\/p>\n\n\n\n<p>Por otra parte, Capitanich habl\u00f3 sobre las transferencias del Estado chaque\u00f1o a la organizaci\u00f3n social que lideraban Sena y Marcela Acu\u00f1a. \u201cNinguna de estas transferencias ocurri\u00f3 despu\u00e9s del hecho (de la desaparici\u00f3n, el 2 de junio), a excepci\u00f3n de un caso concreto por el convenio de Salud por el pago de honorarios profesionales, por 825 mil pesos\u201d, precis\u00f3.<\/p>\n\n\n\n<p><strong>\u201cSe dice que fueron transferidos 140 millones de pesos. Es todo inventado. <\/strong>Todas estas transferencias que figuran en publicaciones (de medios) no se corresponden con esas cuestiones\u201d, afirm\u00f3.<\/p>\n\n\n\n<h3 class=\"wp-block-heading\">Transferencias, control y fiscalizaci\u00f3n<\/h3>\n\n\n\n<figure class=\"wp-block-image\"><img decoding=\"async\" src=\"https:\/\/agenciafoco.com.ar\/media\/cache\/quality\/uploads\/noticias\/649b7fa0a732a197993608.jpeg\" alt=\"\"\/><\/figure>\n\n\n\n<p>El gobernador record\u00f3 que en el Chaco hay <strong>5000 organizaciones sociales<\/strong> con cerca de 30 mil trabajadores, a trav\u00e9s de las cuales el gobierno lleva adelante m\u00faltiples programas. Esas organizaciones reciben transferencias, pero \u201ccon un sistema de <strong>control y fiscalizaci\u00f3n<\/strong>\u201d, subray\u00f3, y explic\u00f3 c\u00f3mo es el funcionamiento en el caso concreto de la construcci\u00f3n de viviendas a trav\u00e9s de este sistema: \u201cSe firman los convenios, aprueban por resoluci\u00f3n de cada jurisdicci\u00f3n, se establecen los mecanismos de factura electr\u00f3nica, y los pagos se realizan de manera electr\u00f3nica. Luego existe la certificaci\u00f3n de la vivienda y un valor promedio, que es la mitad del precio de mercado de una vivienda social que puede hacer una empresa. Garantizamos as\u00ed oportunidades laborales y la ejecuci\u00f3n de un programa para garantizar el acceso a una vivienda digna\u201d.<\/p>\n\n\n\n<p>En esa l\u00ednea, destac\u00f3 que la Secretar\u00eda General de la Gobernaci\u00f3n ha dado intervenci\u00f3n, a trav\u00e9s de la Asesor\u00eda General de Gobierno, han aportado todos los datos requeridos en la causa judicial, al igual que el Instituto de Agricultura Familiar y Econom\u00eda Popular (IAFEP). Adem\u00e1s, el Ministerio de Gobierno y Trabajo a trav\u00e9s de la Direcci\u00f3n de Personas Jur\u00eddicas y el Registro P\u00fablico de Comercio, intervino la organizaci\u00f3n social y sus fundaciones.<\/p>\n\n\n\n<p><strong>\u201cNo hay ninguna transferencia que no est\u00e9 debidamente regulada y sujeta al sistema de rendici\u00f3n de cuentas\u201d,<\/strong> asegur\u00f3.<\/p>\n\n\n\n<p>Con respecto a la calidad institucional, Capitanich record\u00f3 que el <strong>fiscal de Estado<\/strong> es elegido por concurso de antecedentes y oposici\u00f3n, por tanto \u201ctiene la autonom\u00eda y la independencia para garantizar la salvaguarda de los bienes patrimoniales del Estado\u201d. Asimismo, mencion\u00f3 que, por una iniciativa impulsada por \u00e9l, fue instituido en el Chaco el <strong>juicio de residencia<\/strong>. \u201cTenemos que rendir cuentas durante 12 meses de nuestra gesti\u00f3n de cada uno de nuestros actos, ante la C\u00e1mara de Diputados y ante el Tribunal de Cuentas\u201d, indic\u00f3.<\/p>\n\n\n\n<p><strong>\u201cTodo el tiempo han intentado plantear feudalismo, corrupci\u00f3n y asociaci\u00f3n ilegal con movimientos sociales. Todo es falso\u201d,<\/strong> enfatiz\u00f3.<\/p>\n\n\n\n<p>En otro punto, y sobre datos que se difundieron hoy a trav\u00e9s del Instituto de Colonizaci\u00f3n, Capitanich record\u00f3 que el acta de ocupaci\u00f3n del campo de Emerenciano Sena fue otorgada, a trav\u00e9s de un dictamen, en el a\u00f1o 2005 por el entonces gobernador Roy Nikisch (UCR), actual candidato a intendente de Resistencia por Juntos por el Cambio.<\/p>\n\n\n\n<p>Adem\u00e1s, expuso el dictamen de la Direcci\u00f3n Provincial de Vialidad sobre el pavimento urbano construido en la calle Jos\u00e9 Mar\u00eda Paz, que presuntamente hab\u00edan sido ejecutadas durante la madrugada. \u201cEs absolutamente falso. La contrataci\u00f3n, las condiciones y c\u00f3mo se hizo est\u00e1 desmentido en un dictamen\u201d, indic\u00f3.<\/p>\n\n\n\n<h3 class=\"wp-block-heading\">Autonom\u00eda e independencia del Poder Judicial<\/h3>\n\n\n\n<figure class=\"wp-block-image\"><img decoding=\"async\" src=\"https:\/\/agenciafoco.com.ar\/media\/cache\/quality\/uploads\/noticias\/649b84d8676d3438880110.jpeg\" alt=\"\"\/><\/figure>\n\n\n\n<p>En ese marco, Capitanich record\u00f3 los intentos y pedidos para suspender las PASO en la provincia, del pasado 18 de junio, y tambi\u00e9n de intervenci\u00f3n federal al Chaco.<\/p>\n\n\n\n<p>\u201cNo se respet\u00f3 la veda electoral el viernes 16 ni el s\u00e1bado 17. Hicieron todo el tiempo un ataque sistem\u00e1tico hacia mi persona. Hasta ac\u00e1 lleg\u00f3 un l\u00edmite de tama\u00f1o nivel de agresi\u00f3n de la comunicaci\u00f3n\u201d, advirti\u00f3. &nbsp;<\/p>\n\n\n\n<p>Adem\u00e1s, record\u00f3 que desde la oposici\u00f3n lleg\u00f3 a decirse que la empresa provincial \u201cEcom Chaco pod\u00eda interferir en la manipulaci\u00f3n de los datos\u201d de las elecciones, cuando \u201cel Tribunal Electoral es una garant\u00eda de independencia y de autonom\u00eda\u201d.<\/p>\n\n\n\n<p>Destac\u00f3, al respecto, que el Tribunal Electoral est\u00e1 presidido por un miembro del Superior Tribunal de Justicia de la provincia y participa un representante del Ministerio P\u00fablico Fiscal y un juez letrado\u201d.<\/p>\n\n\n\n<p>\u201cEl Tribunal Electoral acaba de finalizar el escrutinio definitivo. Fueron 205.273 votos para la f\u00f3rmula Capitanich-Rach Quiroga, la m\u00e1s votada; 127.006 para Zdero-Schneider y 108.002 para Polini-Veirav\u00e9. A pesar de la campa\u00f1a sistem\u00e1tica, hemos ganado de una manera clara y contundente las elecciones\u201d, enfatiz\u00f3.<\/p>\n\n\n\n<p><strong>\u201cEsta es una provincia donde jam\u00e1s hubo una intervenci\u00f3n federal, porque las instituciones funcionan. Ac\u00e1 existe autonom\u00eda e independencia del Poder Judicial, aqu\u00ed el debido proceso se respeta a rajatabla. Aqu\u00ed el fiscal es el titular de la acci\u00f3n penal\u201d,<\/strong> subray\u00f3.<\/p>\n\n\n\n<h3 class=\"wp-block-heading\">Garant\u00edas del debido proceso<\/h3>\n\n\n\n<figure class=\"wp-block-image\"><img decoding=\"async\" src=\"https:\/\/agenciafoco.com.ar\/media\/cache\/quality\/uploads\/noticias\/649b8515d1ae7149684430.jpeg\" alt=\"\"\/><\/figure>\n\n\n\n<p>La instalaci\u00f3n en los medios de la idea de una provincia donde existe la impunidad en hechos de esta magnitud fue otra de las cuestiones a las cuales se refiri\u00f3 el gobernador, y se pregunt\u00f3: \u201c\u00bfA ustedes les parece que hay impunidad con siete detenidos, probablemente con prisi\u00f3n preventiva y que ir\u00e1n a juicio por jurados?\u201d.<\/p>\n\n\n\n<p>Por eso ratific\u00f3 que en el Chaco existen garant\u00edas para \u201cel debido proceso, y un claro respeto al Estado de derecho\u201d, a la vez que record\u00f3 que \u201cel fiscal es el titular de la acci\u00f3n penal, y <strong>el Poder Judicial act\u00faa con absoluta autonom\u00eda\u201d<\/strong>.<\/p>\n\n\n\n<p>Luego, destac\u00f3 que, desde el d\u00eda en que la familia de Cecilia radic\u00f3 la denuncia, la Polic\u00eda del Chaco, como auxiliar de la justicia, y el gabinete cient\u00edfico \u201chan actuado con claridad y contundencia para esclarecer los hechos\u201d.<\/p>\n\n\n\n<p>Tras resaltar que el Estado siempre estar\u00e1 del lado de la v\u00edctima, record\u00f3 que el gobierno es querellante particular en la causa: \u201cNos involucramos activamente para defender los derechos de la v\u00edctima\u201d, subray\u00f3.<\/p>\n\n\n\n<p>Dijo as\u00ed que \u201csi alguien comete un crimen, debe ser castigado con toda la severidad, lo que es competencia judicial. <strong>Pero pretender vincular (este hecjo) de una manera inapropiada es hacer pol\u00edtica<\/strong>. <strong>Eso es parte de la campa\u00f1a sucia a la que uno debe someterse en la pol\u00edtica de hoy, campa\u00f1a de noticias falsas y de operaciones de todo tipo<\/strong>\u201d.<\/p>\n","protected":false},"excerpt":{"rendered":"<p>En conferencia de prensa, el mandatario se refiri\u00f3 a \u201cuna campa\u00f1a con ataques sistem\u00e1ticos\u201d para instalar que el Chaco es una provincia feudal, donde existe&hellip; <\/p>\n","protected":false},"author":2,"featured_media":488,"comment_status":"open","ping_status":"open","sticky":false,"template":"","format":"standard","meta":{"footnotes":""},"categories":[9,2],"tags":[],"class_list":["post-487","post","type-post","status-publish","format-standard","has-post-thumbnail","hentry","category-destacadas","category-provinciales"],"_links":{"self":[{"href":"https:\/\/lametro989.com\/index.php?rest_route=\/wp\/v2\/posts\/487","targetHints":{"allow":["GET"]}}],"collection":[{"href":"https:\/\/lametro989.com\/index.php?rest_route=\/wp\/v2\/posts"}],"about":[{"href":"https:\/\/lametro989.com\/index.php?rest_route=\/wp\/v2\/types\/post"}],"author":[{"embeddable":true,"href":"https:\/\/lametro989.com\/index.php?rest_route=\/wp\/v2\/users\/2"}],"replies":[{"embeddable":true,"href":"https:\/\/lametro989.com\/index.php?rest_route=%2Fwp%2Fv2%2Fcomments&post=487"}],"version-history":[{"count":1,"href":"https:\/\/lametro989.com\/index.php?rest_route=\/wp\/v2\/posts\/487\/revisions"}],"predecessor-version":[{"id":489,"href":"https:\/\/lametro989.com\/index.php?rest_route=\/wp\/v2\/posts\/487\/revisions\/489"}],"wp:featuredmedia":[{"embeddable":true,"href":"https:\/\/lametro989.com\/index.php?rest_route=\/wp\/v2\/media\/488"}],"wp:attachment":[{"href":"https:\/\/lametro989.com\/index.php?rest_route=%2Fwp%2Fv2%2Fmedia&parent=487"}],"wp:term":[{"taxonomy":"category","embeddable":true,"href":"https:\/\/lametro989.com\/index.php?rest_route=%2Fwp%2Fv2%2Fcategories&post=487"},{"taxonomy":"post_tag","embeddable":true,"href":"https:\/\/lametro989.com\/index.php?rest_route=%2Fwp%2Fv2%2Ftags&post=487"}],"curies":[{"name":"wp","href":"https:\/\/api.w.org\/{rel}","templated":true}]}}