{"id":491,"date":"2023-06-27T22:20:13","date_gmt":"2023-06-28T01:20:13","guid":{"rendered":"https:\/\/lametro989.com\/?p=491"},"modified":"2023-06-27T22:20:13","modified_gmt":"2023-06-28T01:20:13","slug":"la-justicia-evalua-brindarle-la-prision-domiciliaria-a-fabiana-gonzalez","status":"publish","type":"post","link":"https:\/\/lametro989.com\/?p=491","title":{"rendered":"La Justicia eval\u00faa brindarle la prisi\u00f3n domiciliaria a Fabiana Gonz\u00e1lez"},"content":{"rendered":"\n<p>El fiscal de la causa, Jorge C\u00e1ceres Olivera, confirm\u00f3 a Diario TAG que Fabiana Gonz\u00e1lez, una de las imputadas por el caso sobre el supuesto femicidio de Cecilia Strzyzowski, elev\u00f3 un pedido de prisi\u00f3n domiciliaria.<\/p>\n\n\n\n<figure class=\"wp-block-image size-full\"><img loading=\"lazy\" decoding=\"async\" width=\"850\" height=\"478\" src=\"https:\/\/lametro989.com\/wp-content\/uploads\/2023\/06\/imagen-28.png\" alt=\"\" class=\"wp-image-492\" srcset=\"https:\/\/lametro989.com\/wp-content\/uploads\/2023\/06\/imagen-28.png 850w, https:\/\/lametro989.com\/wp-content\/uploads\/2023\/06\/imagen-28-300x169.png 300w, https:\/\/lametro989.com\/wp-content\/uploads\/2023\/06\/imagen-28-768x432.png 768w\" sizes=\"auto, (max-width: 850px) 100vw, 850px\" \/><\/figure>\n\n\n\n<p>La esposa de Gustavo Obreg\u00f3n y mano derecha de Marcela Acu\u00f1a, Fabiana Gonz\u00e1lez, est\u00e1 <strong>imputada por homicidio agravado en calidad de part\u00edcipe necesario en el caso sobre el supuesto femicidio de Cecilia Strzyzowski<\/strong> y pidi\u00f3, mediante su abogado, ser trasladada a su domicilio debido a que &#8220;<strong>tiene un menor de edad a su cuidado y est\u00e1 amamantando<\/strong>&#8220;, <strong>manifest\u00f3 el fiscal Olivera a este medio.<\/strong><\/p>\n\n\n\n<p>Adem\u00e1s, <strong>Jorge C\u00e1ceres Olivera<\/strong> asegur\u00f3 que en primera medida habr\u00e1 que &#8220;<strong>analizar las circunstancia y corroborar que sea as\u00ed&#8221;<\/strong> para que <strong>luego se vea la probabilidad de la implementaci\u00f3n.<\/strong><\/p>\n\n\n\n<p>Frente a este pedido, la <strong>Justicia provincial evaluar\u00e1 y determinar\u00e1 la posible implementaci\u00f3n del pedido del letrado defensor.<\/strong><\/p>\n\n\n\n<p>&nbsp;Cabe resaltar que <strong>Gonz\u00e1lez,<\/strong> el lunes 26 de junio, <strong>se present\u00f3 ante la Fiscal\u00eda situada en la avenida 9 de Julio de la capital chaque\u00f1a para ampliar su declaraci\u00f3n.<\/strong> All\u00ed, frente al Equipo Fiscal Especial declar\u00f3 durante casi cuatro horas.<\/p>\n","protected":false},"excerpt":{"rendered":"<p>El fiscal de la causa, Jorge C\u00e1ceres Olivera, confirm\u00f3 a Diario TAG que Fabiana Gonz\u00e1lez, una de las imputadas por el caso sobre el supuesto&hellip; <\/p>\n","protected":false},"author":2,"featured_media":492,"comment_status":"open","ping_status":"open","sticky":false,"template":"","format":"standard","meta":{"footnotes":""},"categories":[9,2],"tags":[],"class_list":["post-491","post","type-post","status-publish","format-standard","has-post-thumbnail","hentry","category-destacadas","category-provinciales"],"_links":{"self":[{"href":"https:\/\/lametro989.com\/index.php?rest_route=\/wp\/v2\/posts\/491","targetHints":{"allow":["GET"]}}],"collection":[{"href":"https:\/\/lametro989.com\/index.php?rest_route=\/wp\/v2\/posts"}],"about":[{"href":"https:\/\/lametro989.com\/index.php?rest_route=\/wp\/v2\/types\/post"}],"author":[{"embeddable":true,"href":"https:\/\/lametro989.com\/index.php?rest_route=\/wp\/v2\/users\/2"}],"replies":[{"embeddable":true,"href":"https:\/\/lametro989.com\/index.php?rest_route=%2Fwp%2Fv2%2Fcomments&post=491"}],"version-history":[{"count":1,"href":"https:\/\/lametro989.com\/index.php?rest_route=\/wp\/v2\/posts\/491\/revisions"}],"predecessor-version":[{"id":493,"href":"https:\/\/lametro989.com\/index.php?rest_route=\/wp\/v2\/posts\/491\/revisions\/493"}],"wp:featuredmedia":[{"embeddable":true,"href":"https:\/\/lametro989.com\/index.php?rest_route=\/wp\/v2\/media\/492"}],"wp:attachment":[{"href":"https:\/\/lametro989.com\/index.php?rest_route=%2Fwp%2Fv2%2Fmedia&parent=491"}],"wp:term":[{"taxonomy":"category","embeddable":true,"href":"https:\/\/lametro989.com\/index.php?rest_route=%2Fwp%2Fv2%2Fcategories&post=491"},{"taxonomy":"post_tag","embeddable":true,"href":"https:\/\/lametro989.com\/index.php?rest_route=%2Fwp%2Fv2%2Ftags&post=491"}],"curies":[{"name":"wp","href":"https:\/\/api.w.org\/{rel}","templated":true}]}}