{"id":494,"date":"2023-06-27T22:27:11","date_gmt":"2023-06-28T01:27:11","guid":{"rendered":"https:\/\/lametro989.com\/?p=494"},"modified":"2023-06-27T22:27:11","modified_gmt":"2023-06-28T01:27:11","slug":"pense-que-no-sobreviviria-shakira-revelo-como-se-entero-de-la-traicion-de-gerard-pique","status":"publish","type":"post","link":"https:\/\/lametro989.com\/?p=494","title":{"rendered":"&#8220;Pens\u00e9 que no sobrevivir\u00eda&#8221;: Shakira revel\u00f3 c\u00f3mo se enter\u00f3 de la traici\u00f3n de Gerard Piqu\u00e9"},"content":{"rendered":"\n<p>La colombiana explic\u00f3 que se enter\u00f3 de la situaci\u00f3n mientras su padre estaba internado en grave estado.<\/p>\n\n\n\n<figure class=\"wp-block-image size-large\"><img loading=\"lazy\" decoding=\"async\" width=\"1024\" height=\"553\" src=\"https:\/\/lametro989.com\/wp-content\/uploads\/2023\/06\/imagen-29-1024x553.png\" alt=\"\" class=\"wp-image-495\" srcset=\"https:\/\/lametro989.com\/wp-content\/uploads\/2023\/06\/imagen-29-1024x553.png 1024w, https:\/\/lametro989.com\/wp-content\/uploads\/2023\/06\/imagen-29-300x162.png 300w, https:\/\/lametro989.com\/wp-content\/uploads\/2023\/06\/imagen-29-768x415.png 768w, https:\/\/lametro989.com\/wp-content\/uploads\/2023\/06\/imagen-29.png 1168w\" sizes=\"auto, (max-width: 1024px) 100vw, 1024px\" \/><\/figure>\n\n\n\n<p><strong>Shakira<\/strong> decidi\u00f3 sincerarse y <a href=\"https:\/\/www.canal26.com\/espectaculos\/nunca-encajo-la-cruda-revelacion-sobre-la-vida-que-shakira-llevaba-en-barcelona-con-gerard-pique--345291\" target=\"_blank\" rel=\"noreferrer noopener\">record\u00f3 su separaci\u00f3n con Gerard Piqu\u00e9<\/a> y <strong>c\u00f3mo se enter\u00f3<\/strong> de la traici\u00f3n. Todo comenz\u00f3 cuando estaba lidiando con la <a href=\"https:\/\/www.canal26.com\/espectaculos\/shakira-volvio-a-colombia-acompanara-a-su-padre-en-riesgosa-operacion--344239\" target=\"_blank\" rel=\"noreferrer noopener\">internaci\u00f3n de su pap\u00e1 William Mebarak Chadid<\/a> y, al mismo tiempo, <strong>procesando la ruptura<\/strong> con el exjugador.<\/p>\n\n\n\n<p>&#8220;<strong>Todo sucedi\u00f3 a la vez&#8221;<\/strong>, cont\u00f3 en entrevista con People en espa\u00f1ol. Seg\u00fan revel\u00f3 la colombiana, su padre pudo acompa\u00f1arla y darle fuerzas en el momento dif\u00edcil que estaba atravesando. &#8220;Estando all\u00ed, en la primera comuni\u00f3n de Milan, result\u00f3 <strong>gravemente herido<\/strong> <strong>en un accidente<\/strong>&#8220;, cont\u00f3 sobre la internaci\u00f3n del hombre de 91 a\u00f1os, quien estuvo hospitalizado varios d\u00edas mientras ella procesaba la separaci\u00f3n.<\/p>\n\n\n\n<p><img decoding=\"async\" src=\"https:\/\/www.canal26.com\/media\/image\/2023\/06\/22\/548472.jpg\" alt=\"La cl\u00e1usula de Shakira que podr\u00eda complicar a Gerard Piqu\u00e9 y Clara Chia. Fotos: Instagram y NA.\"> Clara Ch\u00eda junto a Piqu\u00e9 y Shakira. Fotos: Instagram y NA.<\/p>\n\n\n\n<p>\u201c<strong>Me enteraba por la prensa <\/strong>que hab\u00eda sido traicionada mientras <strong>mi pap\u00e1 estaba en la UCI.<\/strong> Pens\u00e9 que <strong>no sobrevivir\u00eda<\/strong> a tanto\u201d, explic\u00f3 Shakira, quien tuvo miedo por la vida de su padre, y agreg\u00f3 &#8220;pero <strong>no pod\u00eda hablar con \u00e9l<\/strong> ni recibir los consejos de mi mejor amigo que tanto habr\u00eda necesitado&#8221;.<\/p>\n\n\n\n<h2 class=\"wp-block-heading\">La salud de su padre<\/h2>\n\n\n\n<p>Luego, cont\u00f3 que la recuperaci\u00f3n de William Mebarak Chadid fue lenta, adem\u00e1s de tener alg\u00fan tipo de dificultad, pero dijo que &#8220;es un hombre maravilloso y entra\u00f1able, que nos sorprende <strong>siempre con su fortaleza<\/strong>&#8220;.<\/p>\n\n\n\n<p>En ese contexto, Shakira nombr\u00f3 las <strong>diferentes cuestiones de salud<\/strong> que tuvo su pap\u00e1 y de las que pudo salir: covid-19, dos accidentes, una neumon\u00eda y cinco cirug\u00edas, poni\u00e9ndolo como un gran<strong> ejemplo<\/strong> de tener ganas de vivir.<\/p>\n\n\n\n<p><img decoding=\"async\" src=\"https:\/\/www.canal26.com\/media\/image\/2023\/06\/02\/545612.jpg\" alt=\"Shakira junto a sus padres. Foto: Captura.\"> Shakira junto a sus padres. Foto: captura.<\/p>\n\n\n\n<p>\u201cHan sido ambos un reflejo de <strong>ese sue\u00f1o que no pude cumplir<\/strong>, pero que ojal\u00e1 signifique <strong>un modelo para mis hijos de amo<\/strong>r, de paciencia en las relaciones, de entrega absoluta y de ganas de vivir\u201d, agreg\u00f3 sobre lo que vivi\u00f3 con su pap\u00e1.<\/p>\n","protected":false},"excerpt":{"rendered":"<p>La colombiana explic\u00f3 que se enter\u00f3 de la situaci\u00f3n mientras su padre estaba internado en grave estado. Shakira decidi\u00f3 sincerarse y record\u00f3 su separaci\u00f3n con&hellip; <\/p>\n","protected":false},"author":2,"featured_media":495,"comment_status":"open","ping_status":"open","sticky":false,"template":"","format":"standard","meta":{"footnotes":""},"categories":[9,13],"tags":[],"class_list":["post-494","post","type-post","status-publish","format-standard","has-post-thumbnail","hentry","category-destacadas","category-nacionales"],"_links":{"self":[{"href":"https:\/\/lametro989.com\/index.php?rest_route=\/wp\/v2\/posts\/494","targetHints":{"allow":["GET"]}}],"collection":[{"href":"https:\/\/lametro989.com\/index.php?rest_route=\/wp\/v2\/posts"}],"about":[{"href":"https:\/\/lametro989.com\/index.php?rest_route=\/wp\/v2\/types\/post"}],"author":[{"embeddable":true,"href":"https:\/\/lametro989.com\/index.php?rest_route=\/wp\/v2\/users\/2"}],"replies":[{"embeddable":true,"href":"https:\/\/lametro989.com\/index.php?rest_route=%2Fwp%2Fv2%2Fcomments&post=494"}],"version-history":[{"count":1,"href":"https:\/\/lametro989.com\/index.php?rest_route=\/wp\/v2\/posts\/494\/revisions"}],"predecessor-version":[{"id":496,"href":"https:\/\/lametro989.com\/index.php?rest_route=\/wp\/v2\/posts\/494\/revisions\/496"}],"wp:featuredmedia":[{"embeddable":true,"href":"https:\/\/lametro989.com\/index.php?rest_route=\/wp\/v2\/media\/495"}],"wp:attachment":[{"href":"https:\/\/lametro989.com\/index.php?rest_route=%2Fwp%2Fv2%2Fmedia&parent=494"}],"wp:term":[{"taxonomy":"category","embeddable":true,"href":"https:\/\/lametro989.com\/index.php?rest_route=%2Fwp%2Fv2%2Fcategories&post=494"},{"taxonomy":"post_tag","embeddable":true,"href":"https:\/\/lametro989.com\/index.php?rest_route=%2Fwp%2Fv2%2Ftags&post=494"}],"curies":[{"name":"wp","href":"https:\/\/api.w.org\/{rel}","templated":true}]}}