{"id":497,"date":"2023-06-27T22:32:56","date_gmt":"2023-06-28T01:32:56","guid":{"rendered":"https:\/\/lametro989.com\/?p=497"},"modified":"2023-06-27T22:32:56","modified_gmt":"2023-06-28T01:32:56","slug":"luis-juez-le-contesto-a-la-candidata-de-milei-que-agravio-a-su-hija-con-discapacidad","status":"publish","type":"post","link":"https:\/\/lametro989.com\/?p=497","title":{"rendered":"Luis Juez le contest\u00f3 a la candidata de Milei que agravi\u00f3 a su hija con discapacidad"},"content":{"rendered":"\n<p>El senador de Juntos por el Cambio por C\u00f3rdoba le respondi\u00f3 a una candidata de La Libertad Avanza que criti\u00f3 a su hija por ir a votar el domingo pasado.<\/p>\n\n\n\n<figure class=\"wp-block-image size-full\"><img loading=\"lazy\" decoding=\"async\" width=\"610\" height=\"349\" src=\"https:\/\/lametro989.com\/wp-content\/uploads\/2023\/06\/imagen-30.png\" alt=\"\" class=\"wp-image-498\" srcset=\"https:\/\/lametro989.com\/wp-content\/uploads\/2023\/06\/imagen-30.png 610w, https:\/\/lametro989.com\/wp-content\/uploads\/2023\/06\/imagen-30-300x172.png 300w\" sizes=\"auto, (max-width: 610px) 100vw, 610px\" \/><\/figure>\n\n\n\n<p>Las elecciones para la gobernaci\u00f3n de C\u00f3rdoba ya terminaron pero <strong>Luis Juez tiene mucho para decir al respecto de los eventos del domingo<\/strong>. Por un lado pidi\u00f3 la apertura de urnas en calidad de candidato derrotado, y por el otro le contest\u00f3 a la candidata de La Libertad Avanza Ver\u00f3nica Sikora, quien agravi\u00f3 a su hija con discapacidad.<\/p>\n\n\n\n<p>&#8220;<strong>Hola, Vero. \u00bfC\u00f3mo te va, c\u00f3mo and\u00e1s vos? Nosotros no te conocemos, te la presentamos. Ella es Milagros, nuestra hija. Estamos orgullosos de ella, como de Mart\u00edn y de Agustina<\/strong>, que tambi\u00e9n son nuestros hijos&#8221;, empez\u00f3 Luis Juez acompa\u00f1ado por la joven y su esposa, Victoria Corte. &#8220;<strong>El domingo la Mili fue la primera vez que cumpli\u00f3 con un sue\u00f1o: fue la primera vez que, con 22 a\u00f1os, figuraba en el padr\u00f3n<\/strong>. Fue su primer voto, por eso fuimos todos. Terriblemente orgullosos la acompa\u00f1amos a la escuela para que pueda votar, para que pueda hacer valer su derecho constitucional a elegir y ser elegida&#8221;, cont\u00f3 en su video de Twitter el senador cordob\u00e9s. <\/p>\n\n\n\n<p>&#8220;<strong>Vos que vas a ser candidata ten\u00e9s que saber que es un derecho que tienen todos los ciudadanos. Milagros ten\u00eda que estar en la escuela votando, no escondida ac\u00e1 en la casa, como vos propon\u00e9s<\/strong>. Nos sentimos muy orgullosos de ella y te lo queremos decir en este vide\u00edto&#8221;, le dijo a Sikora, que es candidata a intendente por el partido Libertad Avanza en la ciudad de C\u00f3rdoba.<\/p>\n\n\n\n<p>&#8220;Estamos muy orgullosos de nuestros hijos, nosotros no tenemos nada que esconder. <strong>Al contrario, lo exhibimos con alt\u00edsimo orgullo porque son nuestros hijos, y ella en particular es el motivo de nuestra vida<\/strong>&#8220;, expres\u00f3 se\u00f1alando a Milagros.<\/p>\n\n\n\n<p>&#8220;As\u00ed que te deseamos la mejor de las suertes y que Dios te d\u00e9 la tranquilidad para que el d\u00eda de ma\u00f1ana te sepas expresar de otra manera, porque, la verdad, no s\u00e9 si lo quisiste pero nos lastimaste, nos ofendiste, e innecesariamente a ella la agraviaste. Suerte, nos vemos&#8221;, finaliz\u00f3.<\/p>\n\n\n\n<h2 class=\"wp-block-heading\">Qu\u00e9 dijo Ver\u00f3nica Sikora sobre una de las hijas de Luis Juez<\/h2>\n\n\n\n<p>La candidata del partido Libertad Avanza para la intendencia de la ciudad de C\u00f3rdoba expres\u00f3 en un video tras ver la secuencia de la familia Juez en una escuela el d\u00eda de la votaci\u00f3n.<\/p>\n\n\n\n<p>&#8220;No lo conozco y no tengo nada personalmente con \u00e9l, pero cualquier padre que tenga un hijo discapacitado, un beb\u00e9, o una persona que no se valga por s\u00ed misma, <strong>no va a votar con el hijo, mostr\u00e1ndolo ah\u00ed. Es muy bajo, le digo yo que la dejar\u00eda con su madre<\/strong>&#8220;, sentenci\u00f3 Sikora<\/p>\n\n\n\n<figure class=\"wp-block-image\"><a href=\"https:\/\/www.minutouno.com\/politica\/luis-juez\/cordoba-pidio-la-apertura-las-urnas-confirmar-el-resultado-n5756079\"><img decoding=\"async\" src=\"https:\/\/www.minutouno.com\/css-custom\/150\/lazy.svg\" alt=\"cordoba: luis juez pidio la apertura de las urnas para confirmar el resultado\" title=\"cordoba: luis juez pidio la apertura de las urnas para confirmar el resultado\"\/><\/a><\/figure>\n\n\n\n<p><a href=\"https:\/\/www.minutouno.com\/politica\/luis-juez\/cordoba-pidio-la-apertura-las-urnas-confirmar-el-resultado-n5756079\">No le cierran los n\u00fameros<\/a><\/p>\n\n\n\n<h2 class=\"wp-block-heading\"><a href=\"https:\/\/www.minutouno.com\/politica\/luis-juez\/cordoba-pidio-la-apertura-las-urnas-confirmar-el-resultado-n5756079\">C\u00f3rdoba: Luis Juez pidi\u00f3 la apertura de las urnas para confirmar el resultado<\/a><\/h2>\n\n\n\n<figure class=\"wp-block-image\"><a href=\"https:\/\/www.minutouno.com\/politica\/luis-juez\/ahora-dice-que-cordoba-repartian-droga-cambio-votos-el-gobernador-electo-n5755251\"><img decoding=\"async\" src=\"https:\/\/www.minutouno.com\/css-custom\/150\/lazy.svg\" alt=\"ahora luis juez dice que en cordoba repartian droga a cambio de votos para el gobernador electo\" title=\"ahora luis juez dice que en cordoba repartian droga a cambio de votos para el gobernador electo\"\/><\/a><\/figure>\n\n\n\n<p><a href=\"https:\/\/www.minutouno.com\/politica\/luis-juez\/ahora-dice-que-cordoba-repartian-droga-cambio-votos-el-gobernador-electo-n5755251\">Mal perdedor<\/a><\/p>\n\n\n\n<h2 class=\"wp-block-heading\"><a href=\"https:\/\/www.minutouno.com\/politica\/luis-juez\/ahora-dice-que-cordoba-repartian-droga-cambio-votos-el-gobernador-electo-n5755251\">Ahora Luis Juez dice que en C\u00f3rdoba repart\u00edan droga a cambio de votos para el gobernador electo<\/a><\/h2>\n\n\n\n<figure class=\"wp-block-image\"><a href=\"https:\/\/www.minutouno.com\/politica\/luis-juez\/mal-perdedor-acepto-la-derrota-pero-trato-tramposos-sus-rivales-n5754783\"><img decoding=\"async\" src=\"https:\/\/www.minutouno.com\/css-custom\/150\/lazy.svg\" alt=\"mal perdedor: luis juez acepto la derrota, pero trato de tramposos a sus rivales\" title=\"mal perdedor: luis juez acepto la derrota, pero trato de tramposos a sus rivales\"\/><\/a><\/figure>\n\n\n\n<p><a href=\"https:\/\/www.minutouno.com\/politica\/luis-juez\/mal-perdedor-acepto-la-derrota-pero-trato-tramposos-sus-rivales-n5754783\">Elecciones en C\u00f3rdoba<\/a><\/p>\n\n\n\n<h2 class=\"wp-block-heading\"><a href=\"https:\/\/www.minutouno.com\/politica\/luis-juez\/mal-perdedor-acepto-la-derrota-pero-trato-tramposos-sus-rivales-n5754783\">Mal perdedor: Luis Juez acept\u00f3 la derrota, pero trat\u00f3 de &#8220;tramposos&#8221; a sus rivales<\/a><\/h2>\n\n\n\n<figure class=\"wp-block-image\"><a href=\"https:\/\/www.minutouno.com\/politica\/luis-juez\/voto-cordobavamos-ganar-muy-bien-n5754076\"><img decoding=\"async\" src=\"https:\/\/www.minutouno.com\/css-custom\/150\/lazy.svg\" alt=\"luis juez voto en cordoba:\u00a0vamos a ganar muy bien\" title=\"luis juez voto en cordoba:\u00a0vamos a ganar muy bien\"\/><\/a><\/figure>\n\n\n\n<p><a href=\"https:\/\/www.minutouno.com\/politica\/luis-juez\/voto-cordobavamos-ganar-muy-bien-n5754076\">Elecciones 2023<\/a><\/p>\n\n\n\n<h2 class=\"wp-block-heading\"><a href=\"https:\/\/www.minutouno.com\/politica\/luis-juez\/voto-cordobavamos-ganar-muy-bien-n5754076\">Luis Juez vot\u00f3 en C\u00f3rdoba:&nbsp;&#8220;Vamos a ganar muy bien&#8221;<\/a><\/h2>\n\n\n\n<p>Lo que se lee ahora<\/p>\n\n\n\n<figure class=\"wp-block-image\"><a href=\"https:\/\/www.minutouno.com\/sociedad\/ciudad-buenos-aires\/ia-revela-cual-es-el-mejor-barrio-porteno-vivir-n5755746\"><img decoding=\"async\" src=\"https:\/\/media.minutouno.com\/p\/1dbae22f0321cb4a6c7c7c094390bfc8\/adjuntos\/150\/imagenes\/040\/800\/0040800318\/palermo.jpg\" alt=\"ia revela cual es el mejor barrio porteno para vivir\" title=\"ia revela cual es el mejor barrio porteno para vivir\"\/><\/a><\/figure>\n\n\n\n<p><a href=\"https:\/\/www.minutouno.com\/sociedad\/ciudad-buenos-aires\/ia-revela-cual-es-el-mejor-barrio-porteno-vivir-n5755746\">Ranking<\/a><\/p>\n\n\n\n<h2 class=\"wp-block-heading\"><a href=\"https:\/\/www.minutouno.com\/sociedad\/ciudad-buenos-aires\/ia-revela-cual-es-el-mejor-barrio-porteno-vivir-n5755746\">IA revela cu\u00e1l es el mejor barrio porte\u00f1o para vivir<\/a><\/h2>\n\n\n\n<p>Las M\u00e1s Le\u00eddas<\/p>\n\n\n\n<h2 class=\"wp-block-heading\"><a href=\"https:\/\/www.minutouno.com\/espectaculos\/jose-maria-listorti\/la-guerra-menos-pensada-kike-teruel-los-nocheros-le-respondio-listorti-n5755589\">La guerra menos pensada: Kike Teruel de Los Nocheros le respondi\u00f3 a Listorti<\/a><\/h2>\n\n\n\n<h2 class=\"wp-block-heading\"><a href=\"https:\/\/www.minutouno.com\/sociedad\/lluvias\/cambio-el-pronostico-cuando-puede-llover-este-martes-27-junio-la-ciudad-y-el-conurbano-bonaerense-n5755429\">Cambi\u00f3 el pron\u00f3stico: cu\u00e1ndo puede llover en la Ciudad y el conurbano<\/a><\/h2>\n\n\n\n<h2 class=\"wp-block-heading\"><a href=\"https:\/\/www.minutouno.com\/espectaculos\/julieta-poggio\/marca-tendencia-una-microbikini-body-chain-n5755433\">Julieta Poggio marca tendencia con una microbikini &#8220;body chain&#8221;<\/a><\/h2>\n\n\n\n<h2 class=\"wp-block-heading\"><a href=\"https:\/\/www.minutouno.com\/politica\/tolosa-paz\/victoria-contesto-las-criticas-cristina-kirchner-n5755646\">Victoria Tolosa Paz contest\u00f3 las cr\u00edticas de Cristina Kirchner<\/a><\/h2>\n","protected":false},"excerpt":{"rendered":"<p>El senador de Juntos por el Cambio por C\u00f3rdoba le respondi\u00f3 a una candidata de La Libertad Avanza que criti\u00f3 a su hija por ir&hellip; <\/p>\n","protected":false},"author":2,"featured_media":498,"comment_status":"open","ping_status":"open","sticky":false,"template":"","format":"standard","meta":{"footnotes":""},"categories":[9,5],"tags":[],"class_list":["post-497","post","type-post","status-publish","format-standard","has-post-thumbnail","hentry","category-destacadas","category-politica"],"_links":{"self":[{"href":"https:\/\/lametro989.com\/index.php?rest_route=\/wp\/v2\/posts\/497","targetHints":{"allow":["GET"]}}],"collection":[{"href":"https:\/\/lametro989.com\/index.php?rest_route=\/wp\/v2\/posts"}],"about":[{"href":"https:\/\/lametro989.com\/index.php?rest_route=\/wp\/v2\/types\/post"}],"author":[{"embeddable":true,"href":"https:\/\/lametro989.com\/index.php?rest_route=\/wp\/v2\/users\/2"}],"replies":[{"embeddable":true,"href":"https:\/\/lametro989.com\/index.php?rest_route=%2Fwp%2Fv2%2Fcomments&post=497"}],"version-history":[{"count":1,"href":"https:\/\/lametro989.com\/index.php?rest_route=\/wp\/v2\/posts\/497\/revisions"}],"predecessor-version":[{"id":499,"href":"https:\/\/lametro989.com\/index.php?rest_route=\/wp\/v2\/posts\/497\/revisions\/499"}],"wp:featuredmedia":[{"embeddable":true,"href":"https:\/\/lametro989.com\/index.php?rest_route=\/wp\/v2\/media\/498"}],"wp:attachment":[{"href":"https:\/\/lametro989.com\/index.php?rest_route=%2Fwp%2Fv2%2Fmedia&parent=497"}],"wp:term":[{"taxonomy":"category","embeddable":true,"href":"https:\/\/lametro989.com\/index.php?rest_route=%2Fwp%2Fv2%2Fcategories&post=497"},{"taxonomy":"post_tag","embeddable":true,"href":"https:\/\/lametro989.com\/index.php?rest_route=%2Fwp%2Fv2%2Ftags&post=497"}],"curies":[{"name":"wp","href":"https:\/\/api.w.org\/{rel}","templated":true}]}}