{"id":500,"date":"2023-06-27T22:39:01","date_gmt":"2023-06-28T01:39:01","guid":{"rendered":"https:\/\/lametro989.com\/?p=500"},"modified":"2023-06-27T22:39:01","modified_gmt":"2023-06-28T01:39:01","slug":"wado-de-pedro-repudio-el-ataque-de-un-dirigente-de-milei-contra-franco-rinaldi","status":"publish","type":"post","link":"https:\/\/lametro989.com\/?p=500","title":{"rendered":"Wado de Pedro repudi\u00f3 el ataque de un dirigente de Milei contra Franco Rinaldi"},"content":{"rendered":"\n<p>El ministro del Interior se sum\u00f3 a la lista de dirigentes que repudiaron los dichos del dirigente de La Libertad Avanza, Lucas Luna.<\/p>\n\n\n\n<figure class=\"wp-block-image size-full\"><img loading=\"lazy\" decoding=\"async\" width=\"610\" height=\"381\" src=\"https:\/\/lametro989.com\/wp-content\/uploads\/2023\/06\/imagen-31.png\" alt=\"\" class=\"wp-image-501\" srcset=\"https:\/\/lametro989.com\/wp-content\/uploads\/2023\/06\/imagen-31.png 610w, https:\/\/lametro989.com\/wp-content\/uploads\/2023\/06\/imagen-31-300x187.png 300w\" sizes=\"auto, (max-width: 610px) 100vw, 610px\" \/><\/figure>\n\n\n\n<p>El ministro del Interior, <strong>Wado de Pedro<\/strong>, repudi\u00f3 los dichos discriminatorios del dirigente de La Libertad Avanza, Lucas Luna, contra<strong> Franco Rinaldi.<\/strong><\/p>\n\n\n\n<p>&#8220;Lamento las palabras discriminatorias del candidato Libertario, Lucas Luna, hacia Franco Rinaldi candidato del PRO&#8221;, tuite\u00f3 el funcionario, junto a un recorte period\u00edstico. Y agreg\u00f3: &#8220;Exceden la pol\u00edtica y lesionan valores de una sociedad plural e integradora. Su falta de empat\u00eda le impiden ver el dolor y sufrimiento que puede causar a otros&#8221;.<\/p>\n\n\n\n<p>En esta l\u00ednea, tambi\u00e9n se manifestaron el jefe de Gobierno y precandidato presidencial, <strong>Horacio Rodr\u00edguez Larreta<\/strong>, y el precandidato a jefe de Gobierno, <strong>Leandro Santoro<\/strong>, entre otros funcionarios y dirigentes pol\u00edticos.<\/p>\n\n\n\n<p>Lucas Luna, precandidato a integrar el Parlasur por el espacio de Javier Milei, quien debi\u00f3 renunciar a su postulaci\u00f3n, luego de manifestar que <strong>&#8220;nadie quiere votar a un discapacitado&#8221;<\/strong>, en referencia a la precandidatura a diputado de Franco Rinaldi.<\/p>\n","protected":false},"excerpt":{"rendered":"<p>El ministro del Interior se sum\u00f3 a la lista de dirigentes que repudiaron los dichos del dirigente de La Libertad Avanza, Lucas Luna. El ministro&hellip; <\/p>\n","protected":false},"author":2,"featured_media":501,"comment_status":"open","ping_status":"open","sticky":false,"template":"","format":"standard","meta":{"footnotes":""},"categories":[5],"tags":[],"class_list":["post-500","post","type-post","status-publish","format-standard","has-post-thumbnail","hentry","category-politica"],"_links":{"self":[{"href":"https:\/\/lametro989.com\/index.php?rest_route=\/wp\/v2\/posts\/500","targetHints":{"allow":["GET"]}}],"collection":[{"href":"https:\/\/lametro989.com\/index.php?rest_route=\/wp\/v2\/posts"}],"about":[{"href":"https:\/\/lametro989.com\/index.php?rest_route=\/wp\/v2\/types\/post"}],"author":[{"embeddable":true,"href":"https:\/\/lametro989.com\/index.php?rest_route=\/wp\/v2\/users\/2"}],"replies":[{"embeddable":true,"href":"https:\/\/lametro989.com\/index.php?rest_route=%2Fwp%2Fv2%2Fcomments&post=500"}],"version-history":[{"count":1,"href":"https:\/\/lametro989.com\/index.php?rest_route=\/wp\/v2\/posts\/500\/revisions"}],"predecessor-version":[{"id":502,"href":"https:\/\/lametro989.com\/index.php?rest_route=\/wp\/v2\/posts\/500\/revisions\/502"}],"wp:featuredmedia":[{"embeddable":true,"href":"https:\/\/lametro989.com\/index.php?rest_route=\/wp\/v2\/media\/501"}],"wp:attachment":[{"href":"https:\/\/lametro989.com\/index.php?rest_route=%2Fwp%2Fv2%2Fmedia&parent=500"}],"wp:term":[{"taxonomy":"category","embeddable":true,"href":"https:\/\/lametro989.com\/index.php?rest_route=%2Fwp%2Fv2%2Fcategories&post=500"},{"taxonomy":"post_tag","embeddable":true,"href":"https:\/\/lametro989.com\/index.php?rest_route=%2Fwp%2Fv2%2Ftags&post=500"}],"curies":[{"name":"wp","href":"https:\/\/api.w.org\/{rel}","templated":true}]}}