{"id":503,"date":"2023-06-27T22:43:37","date_gmt":"2023-06-28T01:43:37","guid":{"rendered":"https:\/\/lametro989.com\/?p=503"},"modified":"2023-06-27T22:43:37","modified_gmt":"2023-06-28T01:43:37","slug":"dura-critica-de-la-jueza-buyatti-al-albanil-que-la-denuncio-un-abusador-no-puede-andar-tranquilo","status":"publish","type":"post","link":"https:\/\/lametro989.com\/?p=503","title":{"rendered":"Dura cr\u00edtica de la jueza Buyatti al alba\u00f1il que la denunci\u00f3: &#8220;Un abusador no puede andar tranquilo&#8221;"},"content":{"rendered":"\n<p>Marcelo Acosta, el trabajador que denunci\u00f3 a la jueza por amenzas, afronta una acusaci\u00f3n de abuso sexual por parte de su hijastra de 11 a\u00f1os.\u00a0<\/p>\n\n\n\n<figure class=\"wp-block-image size-full\"><img loading=\"lazy\" decoding=\"async\" width=\"850\" height=\"436\" src=\"https:\/\/lametro989.com\/wp-content\/uploads\/2023\/06\/imagen-32.png\" alt=\"\" class=\"wp-image-504\" srcset=\"https:\/\/lametro989.com\/wp-content\/uploads\/2023\/06\/imagen-32.png 850w, https:\/\/lametro989.com\/wp-content\/uploads\/2023\/06\/imagen-32-300x154.png 300w, https:\/\/lametro989.com\/wp-content\/uploads\/2023\/06\/imagen-32-768x394.png 768w\" sizes=\"auto, (max-width: 850px) 100vw, 850px\" \/><\/figure>\n\n\n\n<p>Nuevamente la jueza Laura Buyatti toma notoriedad, la magistrada de Villa \u00c1ngela que se desempa\u00f1aba en el juzgado de Ni\u00f1ez, Adolescencia y Familia N\u00b0 1 de Villa \u00c1ngela y luego fue suspendida de sus funciones por el Consejo de la Magistratura y Jurado de Enjuiciamiento tras la acusaci\u00f3n del Ministerio P\u00fablico Fiscal<strong> por amenazas agravadas y abuso de poder, se pronunci\u00f3 tras la denuncia contra Marcelo Acosta.&nbsp;<\/strong><\/p>\n\n\n\n<p>Acosta, el alba\u00f1il que la denunci\u00f3 por amenazas,<strong> fue acusado de abusar sexualmente a su hijastra de 11 a\u00f1os en Villa \u00c1ngela. <\/strong>Seg\u00fan consta en la denuncia policial, la menor ser\u00eda abusada desde los tres a\u00f1os y esto se mantendr\u00eda hasta la actualidad.<\/p>\n\n\n\n<p>En este marco, la jueza en suspensi\u00f3n emiti\u00f3 una carta a trav\u00e9s de sus redes sociales.\u00a0 &#8220;Hoy me dirijo a todos ustedes con una necesidad imperante de expresar lo que siento en lo m\u00e1s profundo&#8221;, comienza<strong> el escrito publicado en su cuenta de Facebook.\u00a0<\/strong><\/p>\n\n\n\n<p>En esta l\u00ednea, contin\u00faa: &#8220;\u00bfQu\u00e9 pesa m\u00e1s en la balanza? porque al parecer estamos en el mundo del rev\u00e9s. <strong>Un abusador puede andar tranquilo por la vida sin ning\u00fan tipo de condena, mientras que alguien como yo, por defender lo m\u00edo soy objeto de una condena social sin ning\u00fan tipo de sentido&#8221;<\/strong><\/p>\n\n\n\n<h2 class=\"wp-block-heading\"><strong>LA CARTA COMPLETA&nbsp;<\/strong><\/h2>\n\n\n\n<p><em>Hoy me dirijo a todos ustedes con una necesidad imperante de expresar lo que siento en lo m\u00e1s profundo.<\/em><ins><\/ins><\/p>\n\n\n\n<p><em>Estos \u00faltimos meses que pas\u00e9 o, que, en realidad, me hicieron pasar personas que solo buscan debilitarme, fueron duros y dif\u00edciles, pero gracias a todas las personas que siempre me acompa\u00f1an hoy estoy m\u00e1s fuerte que nunca. El objetivo de esto no es querer dar lastima, para nada, lo que quiero es que, todas las personas que me insultaron, defenestraron y juzgaron de antemano, me lean y que se tomen un minuto para reflexionar \u00bfqu\u00e9 pesa m\u00e1s en la balanza? porque al parecer estamos en el mundo del rev\u00e9s. Un abusador puede andar tranquilo por la vida sin ning\u00fan tipo de condena, mientras que alguien como yo, por defender lo m\u00edo soy objeto de una condena social sin ning\u00fan tipo de sentido.<\/em><\/p>\n\n\n\n<p><em>Tambi\u00e9n quiero hacerles saber que adem\u00e1s de ser funcionaria judicial soy un ser humano, soy una madre y soy una mujer. Porque al parecer ser funcionaria u ocupar un cargo de alto rango es sin\u00f3nimo agachar la cabeza y que te pasen por encima y no tener que &#8220;perder la postura&#8221;. Perd\u00f3n, pero no. Conmigo no funciona as\u00ed, me tuve que callar estos meses pero entend\u00ed que eso es lo que quieren.&nbsp;<\/em><\/p>\n\n\n\n<p><em>&nbsp;Me pregunto\u2026\u00bfPor qu\u00e9 el sistema y la sociedad encubre a una persona que cometi\u00f3 estos hechos aberrantes? \u00bfDonde est\u00e1 la gente que sali\u00f3 a defender a esta persona? \u00bfPor qu\u00e9 nadie est\u00e1 hablando de estos hechos de abuso? Estamos condenados a vivir en un mundo lleno de estas personas que no se cansan de destruir vidas y familias. Y lo peor es que, como sociedad ante un hecho realmente grave nos quedamos en silencio.&nbsp;<\/em><\/p>\n\n\n\n<p><em>Pleno siglo 21 y sigo leyendo comentarios defendiendo a un depravado sexual, porque no vi a nadie (o casi nadie) que salga a repudiar a esta persona por los reiterados hechos de abuso. No se que pensar\u2026<\/em><\/p>\n\n\n\n<p><em>No dudar\u00eda nunca en defender a los m\u00edos y mi hogar, y por sobre todo defender a mi hija que es lo primordial en mi vida.<\/em><\/p>\n\n\n\n<p><em>Como mujer y madre, enfrento desaf\u00edos y adversidades todos los d\u00edas, y esta situaci\u00f3n no ser\u00e1 la excepci\u00f3n. Mi fortaleza y determinaci\u00f3n no se van a desvanecer, voy a dar batalla hasta el final.<\/em><\/p>\n\n\n\n<p><em>Solo las personas a mi alrededor saben los meses ca\u00f3ticos y realmente tristes que pasamos tanto mi familia como yo.<\/em><\/p>\n\n\n\n<p><em>Pero lo importante de todo esto es que ac\u00e1 estoy, de pie, m\u00e1s que tranquila y con la conciencia totalmente limpia. La verdad llega sola, y si de algo estoy segura es que Dios todo lo ve y es el \u00fanico que juzga y perdona.<\/em><\/p>\n\n\n\n<p><em>Todas las noches me pregunto, \u00bfqu\u00e9 pasar\u00eda si, tal vez, yo fuera un hombre? \u00bfHubiera pasado esto? \u00bfO solo les jode que una mujer tenga los suficientes huevos?<\/em><\/p>\n\n\n\n<p><em>Desde ya muchas gracias a los que me mandaron mensajes de apoyo en estos largos meses de mi vida y agradecer siempre a Dios que fue quien me mostr\u00f3 el camino para salir adelante. Y que Tire la primera piedra el que esta libre de pecados!!.&nbsp;<\/em><\/p>\n","protected":false},"excerpt":{"rendered":"<p>Marcelo Acosta, el trabajador que denunci\u00f3 a la jueza por amenzas, afronta una acusaci\u00f3n de abuso sexual por parte de su hijastra de 11 a\u00f1os.\u00a0&hellip; <\/p>\n","protected":false},"author":2,"featured_media":504,"comment_status":"open","ping_status":"open","sticky":false,"template":"","format":"standard","meta":{"footnotes":""},"categories":[5],"tags":[],"class_list":["post-503","post","type-post","status-publish","format-standard","has-post-thumbnail","hentry","category-politica"],"_links":{"self":[{"href":"https:\/\/lametro989.com\/index.php?rest_route=\/wp\/v2\/posts\/503","targetHints":{"allow":["GET"]}}],"collection":[{"href":"https:\/\/lametro989.com\/index.php?rest_route=\/wp\/v2\/posts"}],"about":[{"href":"https:\/\/lametro989.com\/index.php?rest_route=\/wp\/v2\/types\/post"}],"author":[{"embeddable":true,"href":"https:\/\/lametro989.com\/index.php?rest_route=\/wp\/v2\/users\/2"}],"replies":[{"embeddable":true,"href":"https:\/\/lametro989.com\/index.php?rest_route=%2Fwp%2Fv2%2Fcomments&post=503"}],"version-history":[{"count":1,"href":"https:\/\/lametro989.com\/index.php?rest_route=\/wp\/v2\/posts\/503\/revisions"}],"predecessor-version":[{"id":505,"href":"https:\/\/lametro989.com\/index.php?rest_route=\/wp\/v2\/posts\/503\/revisions\/505"}],"wp:featuredmedia":[{"embeddable":true,"href":"https:\/\/lametro989.com\/index.php?rest_route=\/wp\/v2\/media\/504"}],"wp:attachment":[{"href":"https:\/\/lametro989.com\/index.php?rest_route=%2Fwp%2Fv2%2Fmedia&parent=503"}],"wp:term":[{"taxonomy":"category","embeddable":true,"href":"https:\/\/lametro989.com\/index.php?rest_route=%2Fwp%2Fv2%2Fcategories&post=503"},{"taxonomy":"post_tag","embeddable":true,"href":"https:\/\/lametro989.com\/index.php?rest_route=%2Fwp%2Fv2%2Ftags&post=503"}],"curies":[{"name":"wp","href":"https:\/\/api.w.org\/{rel}","templated":true}]}}