{"id":508,"date":"2023-06-27T22:54:39","date_gmt":"2023-06-28T01:54:39","guid":{"rendered":"https:\/\/lametro989.com\/?p=508"},"modified":"2023-06-27T22:56:49","modified_gmt":"2023-06-28T01:56:49","slug":"fernando-burlando-no-existio-ningun-llamado","status":"publish","type":"post","link":"https:\/\/lametro989.com\/?p=508","title":{"rendered":"Fernando Burlando: \u201cNo existi\u00f3 ning\u00fan llamado\u201d"},"content":{"rendered":"\n<p>As\u00ed se refiri\u00f3 el abogado de la familia de la joven al hablar sobre una supuesta comunicaci\u00f3n entre el gobernador Capitanich y Emerenciano Sena, quien est\u00e1 detenido e imputado en la causa por la desaparici\u00f3n de Cecilia. Previamente, en rueda de prensa, el mandatario hab\u00eda desmentido una publicaci\u00f3n period\u00edstica sobre el tema.\u00a0<\/p>\n\n\n\n<figure class=\"wp-block-image size-large\"><img loading=\"lazy\" decoding=\"async\" width=\"1024\" height=\"672\" src=\"https:\/\/lametro989.com\/wp-content\/uploads\/2023\/06\/imagen-34-1024x672.png\" alt=\"\" class=\"wp-image-509\" srcset=\"https:\/\/lametro989.com\/wp-content\/uploads\/2023\/06\/imagen-34-1024x672.png 1024w, https:\/\/lametro989.com\/wp-content\/uploads\/2023\/06\/imagen-34-300x197.png 300w, https:\/\/lametro989.com\/wp-content\/uploads\/2023\/06\/imagen-34-768x504.png 768w, https:\/\/lametro989.com\/wp-content\/uploads\/2023\/06\/imagen-34-1536x1008.png 1536w, https:\/\/lametro989.com\/wp-content\/uploads\/2023\/06\/imagen-34-2048x1344.png 2048w\" sizes=\"auto, (max-width: 1024px) 100vw, 1024px\" \/><\/figure>\n\n\n\n<p>El abogado&nbsp;<strong>Fernando Burlando<\/strong>, que formar parque del equipo de profesionales que asisten legalmente a la familia de <strong>Cecilia Strzyzowski, asegur\u00f3 en la noche de este martes que \u201cno existi\u00f3 ning\u00fan llamado<\/strong>\u201d, refiri\u00e9ndose a publicaciones en algunos medios nacionales<strong>&nbsp;sobre una supuesta comunicaci\u00f3n entre el gobernador del Chaco, Jorge Capitanich, y el dirigente Emerenciano Sena<\/strong>, luego de la desaparici\u00f3n de Cecilia.<\/p>\n\n\n\n<p><strong>A la salida de la Fiscal\u00eda, en Resistencia, Burlando fue consultado por el supuesto llamado entre el gobernador y Sena <\/strong>y, luego de negar la existencia de esa comunicaci\u00f3n, agreg\u00f3: \u201cPrecisamente vinimos a constatar sobre ese tema\u201d.<\/p>\n\n\n\n<p>Por otra parte, <strong>el fiscal Jorge G\u00f3mez <\/strong>-integrante del Equipo Fiscal Especial- confirm\u00f3 este martes ante los medios que en el expediente judicial no existe ninguna referencia a tal comunicaci\u00f3n entre Emerenciano Sena y el gobernador del Chaco en d\u00edas posteriores a la desaparici\u00f3n de Cecilia.&nbsp;\u201cA ese tipo de pruebas no las tenemos incorporadas en el expediente. Hoy eso no est\u00e1\u201d, expres\u00f3.<\/p>\n","protected":false},"excerpt":{"rendered":"<p>As\u00ed se refiri\u00f3 el abogado de la familia de la joven al hablar sobre una supuesta comunicaci\u00f3n entre el gobernador Capitanich y Emerenciano Sena, quien&hellip; <\/p>\n","protected":false},"author":2,"featured_media":509,"comment_status":"open","ping_status":"open","sticky":false,"template":"","format":"standard","meta":{"footnotes":""},"categories":[13],"tags":[],"class_list":["post-508","post","type-post","status-publish","format-standard","has-post-thumbnail","hentry","category-nacionales"],"_links":{"self":[{"href":"https:\/\/lametro989.com\/index.php?rest_route=\/wp\/v2\/posts\/508","targetHints":{"allow":["GET"]}}],"collection":[{"href":"https:\/\/lametro989.com\/index.php?rest_route=\/wp\/v2\/posts"}],"about":[{"href":"https:\/\/lametro989.com\/index.php?rest_route=\/wp\/v2\/types\/post"}],"author":[{"embeddable":true,"href":"https:\/\/lametro989.com\/index.php?rest_route=\/wp\/v2\/users\/2"}],"replies":[{"embeddable":true,"href":"https:\/\/lametro989.com\/index.php?rest_route=%2Fwp%2Fv2%2Fcomments&post=508"}],"version-history":[{"count":3,"href":"https:\/\/lametro989.com\/index.php?rest_route=\/wp\/v2\/posts\/508\/revisions"}],"predecessor-version":[{"id":512,"href":"https:\/\/lametro989.com\/index.php?rest_route=\/wp\/v2\/posts\/508\/revisions\/512"}],"wp:featuredmedia":[{"embeddable":true,"href":"https:\/\/lametro989.com\/index.php?rest_route=\/wp\/v2\/media\/509"}],"wp:attachment":[{"href":"https:\/\/lametro989.com\/index.php?rest_route=%2Fwp%2Fv2%2Fmedia&parent=508"}],"wp:term":[{"taxonomy":"category","embeddable":true,"href":"https:\/\/lametro989.com\/index.php?rest_route=%2Fwp%2Fv2%2Fcategories&post=508"},{"taxonomy":"post_tag","embeddable":true,"href":"https:\/\/lametro989.com\/index.php?rest_route=%2Fwp%2Fv2%2Ftags&post=508"}],"curies":[{"name":"wp","href":"https:\/\/api.w.org\/{rel}","templated":true}]}}