{"id":521,"date":"2023-06-29T12:48:21","date_gmt":"2023-06-29T15:48:21","guid":{"rendered":"https:\/\/lametro989.com\/?p=521"},"modified":"2023-06-29T12:48:25","modified_gmt":"2023-06-29T15:48:25","slug":"secuestraron-150-gramos-de-cocaina-y-mas-de-medio-millon-de-pesos-en-resistencia","status":"publish","type":"post","link":"https:\/\/lametro989.com\/?p=521","title":{"rendered":"Secuestraron 150 gramos de coca\u00edna y m\u00e1s de medio mill\u00f3n de pesos en Resistencia"},"content":{"rendered":"\n<p>Este martes por la noche se produjeron dos allanamientos en viviendas del barrio Villa Elisa, de la ciudad de Resistencia, en una investigaci\u00f3n por presunta venta de drogas.<\/p>\n\n\n\n<figure class=\"wp-block-image size-large\"><img loading=\"lazy\" decoding=\"async\" width=\"1024\" height=\"461\" src=\"https:\/\/lametro989.com\/wp-content\/uploads\/2023\/06\/image-4-1024x461.png\" alt=\"\" class=\"wp-image-522\" srcset=\"https:\/\/lametro989.com\/wp-content\/uploads\/2023\/06\/image-4-1024x461.png 1024w, https:\/\/lametro989.com\/wp-content\/uploads\/2023\/06\/image-4-300x135.png 300w, https:\/\/lametro989.com\/wp-content\/uploads\/2023\/06\/image-4-768x346.png 768w, https:\/\/lametro989.com\/wp-content\/uploads\/2023\/06\/image-4-1536x692.png 1536w, https:\/\/lametro989.com\/wp-content\/uploads\/2023\/06\/image-4.png 1600w\" sizes=\"auto, (max-width: 1024px) 100vw, 1024px\" \/><\/figure>\n\n\n\n<p>Seg\u00fan informaron desde la Polic\u00eda, en la primera casa secuestraron 142 \u201cdosis\u201d y un \u201ctrozo compacto\u201d de coca\u00edna, todo con un peso total de 79 gramos. Adem\u00e1s, hallaron $225.090 y detuvieron a dos mujeres de 26 y 27 a\u00f1os.<\/p>\n\n\n\n<figure class=\"wp-block-image\"><img decoding=\"async\" src=\"https:\/\/agenciafoco.com.ar\/media\/cache\/quality\/uploads\/noticias\/649d79889bc8a819525075.jpeg\" alt=\"\"\/><\/figure>\n\n\n\n<p>Foto: Polic\u00eda del Chaco<\/p>\n\n\n\n<p>En la casa de al lado, indicaron que se produjo el secuestro de $482.380, 99 \u201cdosis\u201d de coca\u00edna y \u201crestos desparramados\u201d de la misma sustancia, todo con un peso total de 38 gramos. En el lugar arrestaron a un hombre de 69 a\u00f1os.<\/p>\n\n\n\n<p>Finalmente, precisaron que las tres personas fueron notificadas de la causa \u201csupuesta infracci\u00f3n de la Ley Estupefacientes\u201d.<\/p>\n\n\n\n<figure class=\"wp-block-image\"><img decoding=\"async\" src=\"https:\/\/agenciafoco.com.ar\/media\/cache\/quality\/uploads\/noticias\/649d79889c705756125409.jpeg\" alt=\"\"\/><\/figure>\n\n\n\n<p>Foto: Polic\u00eda del Chaco<\/p>\n","protected":false},"excerpt":{"rendered":"<p>Este martes por la noche se produjeron dos allanamientos en viviendas del barrio Villa Elisa, de la ciudad de Resistencia, en una investigaci\u00f3n por presunta&hellip; <\/p>\n","protected":false},"author":2,"featured_media":522,"comment_status":"open","ping_status":"open","sticky":false,"template":"","format":"standard","meta":{"footnotes":""},"categories":[2],"tags":[],"class_list":["post-521","post","type-post","status-publish","format-standard","has-post-thumbnail","hentry","category-provinciales"],"_links":{"self":[{"href":"https:\/\/lametro989.com\/index.php?rest_route=\/wp\/v2\/posts\/521","targetHints":{"allow":["GET"]}}],"collection":[{"href":"https:\/\/lametro989.com\/index.php?rest_route=\/wp\/v2\/posts"}],"about":[{"href":"https:\/\/lametro989.com\/index.php?rest_route=\/wp\/v2\/types\/post"}],"author":[{"embeddable":true,"href":"https:\/\/lametro989.com\/index.php?rest_route=\/wp\/v2\/users\/2"}],"replies":[{"embeddable":true,"href":"https:\/\/lametro989.com\/index.php?rest_route=%2Fwp%2Fv2%2Fcomments&post=521"}],"version-history":[{"count":2,"href":"https:\/\/lametro989.com\/index.php?rest_route=\/wp\/v2\/posts\/521\/revisions"}],"predecessor-version":[{"id":524,"href":"https:\/\/lametro989.com\/index.php?rest_route=\/wp\/v2\/posts\/521\/revisions\/524"}],"wp:featuredmedia":[{"embeddable":true,"href":"https:\/\/lametro989.com\/index.php?rest_route=\/wp\/v2\/media\/522"}],"wp:attachment":[{"href":"https:\/\/lametro989.com\/index.php?rest_route=%2Fwp%2Fv2%2Fmedia&parent=521"}],"wp:term":[{"taxonomy":"category","embeddable":true,"href":"https:\/\/lametro989.com\/index.php?rest_route=%2Fwp%2Fv2%2Fcategories&post=521"},{"taxonomy":"post_tag","embeddable":true,"href":"https:\/\/lametro989.com\/index.php?rest_route=%2Fwp%2Fv2%2Ftags&post=521"}],"curies":[{"name":"wp","href":"https:\/\/api.w.org\/{rel}","templated":true}]}}