{"id":528,"date":"2023-06-29T12:56:36","date_gmt":"2023-06-29T15:56:36","guid":{"rendered":"https:\/\/lametro989.com\/?p=528"},"modified":"2023-06-29T12:56:36","modified_gmt":"2023-06-29T15:56:36","slug":"kicillof-no-hay-diferencias-entre-macri-bullrich-y-larreta","status":"publish","type":"post","link":"https:\/\/lametro989.com\/?p=528","title":{"rendered":"Kicillof: &#8220;No hay diferencias entre Macri, Bullrich y Larreta&#8221;"},"content":{"rendered":"\n<p>El gobernador de la provincia de Buenos Aires, Axel Kicillof, asegur\u00f3 hoy que &#8220;no hay diferencias entre los principales referentes de Juntos por el Cambio (JxC) Mauricio Macri, Patricia Bullrich y Horacio Rodr\u00edguez Larreta&#8221; y consider\u00f3 que todos los dirigentes del espacio opositor &#8220;tienen un solo proyecto&#8221; que pasa por &#8220;ajustar y quitar derechos&#8221;.<\/p>\n\n\n\n<figure class=\"wp-block-image size-full\"><img loading=\"lazy\" decoding=\"async\" width=\"450\" height=\"253\" src=\"https:\/\/lametro989.com\/wp-content\/uploads\/2023\/06\/image-6.png\" alt=\"\" class=\"wp-image-529\" srcset=\"https:\/\/lametro989.com\/wp-content\/uploads\/2023\/06\/image-6.png 450w, https:\/\/lametro989.com\/wp-content\/uploads\/2023\/06\/image-6-300x169.png 300w\" sizes=\"auto, (max-width: 450px) 100vw, 450px\" \/><\/figure>\n\n\n\n<p><br>&#8220;JxC y La Libertad Avanza (LLA) muestran que, bajo la presunta soluci\u00f3n de los problemas que tenemos, la derecha, en realidad, no hace m\u00e1s que expresar un s\u00f3lo proyecto para Argentina: ajuste y quita derechos. Todo eso, adem\u00e1s, viene acompa\u00f1ado por procesos represivos&#8221;, expres\u00f3 el gobernador.<br>El mandatario formul\u00f3 esas declaraciones al canal C5N tras entregar en Vicente L\u00f3pez un total de 682 netbooks en el marco del programa provincial \u201cConectar Igualdad Bonaerense\u201d.<br>Para Kicillof, &#8220;cuando al pueblo se le quitan derechos, reacciona&#8221;, y por eso &#8220;la respuesta de la derecha ser\u00e1n palos, habr\u00e1 muertes y violaciones a los derechos humanos&#8221;.<br>&#8220;No hay diferencias entre Macri, Bullrich y Larreta, lo \u00fanico que parece diferenciarlos es la velocidad en la cual aplicar\u00edan sus pol\u00edticas&#8221;, sostuvo.<br>&#8220;Larreta habl\u00f3 del fracaso de su propio gobierno, porque el gobierno anterior fue de Macri, de Bullrich, de (N\u00e9stor) Grindetti y de (Diego) Santilli. Destrozaron todo y ahora lo est\u00e1n reconociendo en una supuesta discusi\u00f3n de modales, no de objetivos&#8221;, apunt\u00f3.<br>El mandatario provincial analiz\u00f3 que en JxC &#8220;buscan ajustar y achicar la cantidad de empleados p\u00fablicos&#8221; y rememor\u00f3 que los gobiernos de Macri (en Naci\u00f3n) y de Mar\u00eda Eugenia Vidal (en provincia de Buenos Aires) &#8220;fueron los que m\u00e1s recursos tuvieron en la historia argentina y los fugaron&#8221;.<br>&#8220;Plata hab\u00eda, el problema es para qu\u00e9 la usaron, qu\u00e9 hicieron y qu\u00e9 no. Vidal juraba que la educaci\u00f3n era su prioridad y dijo haber abierto 65 edificios escolares. Nosotros, con pandemia en el medio, ya tenemos 165 escuelas nuevas, 100 m\u00e1s que Vidal en toda su gesti\u00f3n&#8221;, subray\u00f3 Kicillof y critic\u00f3 que la diputada nacional haya &#8220;cerrado colegios por baja matr\u00edcula&#8221;.<br>&#8220;Macri y Vidal les sacaron las computadoras a los chicos. Nosotros relanzamos la versi\u00f3n bonaerense de Conectar Igualdad, con la distribuci\u00f3n de 168 mil computadoras a los pibes y pibas del ultimo a\u00f1o del secundario, lo que viene a reparar un da\u00f1o&#8221;, continu\u00f3.<br>A\u00f1adi\u00f3 que al recibir las netbooks, los j\u00f3venes les cuentan &#8220;que piensan seguir sus estudios en la facultad, lo que pone de relieve la falacia del macrismo cuando preguntaba para qu\u00e9 abrir tantas universidades en la provincia&#8221;.<br>A posteriori, adelant\u00f3 que para fin de este primer mandato habr\u00e1 &#8220;triplicado la cantidad de nuevas escuelas que hizo Vidal&#8221; y opin\u00f3 que &#8220;en el saldo, quitaron el derecho a la escuela a muchos pibes y a tener una computadora porque discontinuaron el programa&#8221;.<br>A la vez, consider\u00f3 que la actual inflaci\u00f3n &#8220;esta vinculada a los programas del Fondo Monetario Internacional y son ellos los responsables&#8221;.<br>Plante\u00f3 que &#8220;el FMI, no s\u00f3lo es un acreedor que tiene much\u00edsimo peso en las cuentas externas argentinas -le aprob\u00f3 57 mil millones de d\u00f3lares a Macri para que gane las elecciones- porque reclama la deuda, sino que pretende dirigir la pol\u00edtica econ\u00f3mica e incidir en nuestra soberan\u00eda&#8221;.<br>Advirti\u00f3 que &#8220;ese plan se mostr\u00f3 en todo el mundo, siempre con resultados muy malos&#8221; y celebr\u00f3 que en Argentina no sea &#8220;tan f\u00e1cil hacer esos planes de ajuste salvaje, como en otros lados, como si la sociedad fuera culpable&#8221;.<br>Kicillof afirm\u00f3 que el ministro de Econom\u00eda y precandidato presidencial del peronismo, Sergio Massa, &#8220;est\u00e1 buscando una salida&#8221; a esa situaci\u00f3n &#8220;que recibi\u00f3&#8221; y recalc\u00f3: &#8220;Cerramos una lista de unidad y tenemos una propuesta que marca que JxC quiere desindustrializar, quitarnos soberan\u00eda, m\u00e1s programas del FMI, pero nosotros vamos por el otro lado totalmente contrario&#8221;.<br>En ese sentido, manifest\u00f3 Kicillof que &#8220;los macristas dec\u00edan: &#8216;les hicieron creer a los trabajadores que se pueden ir de vacaciones, divertirse, tener una tele, una casa, un trabajo digno&#8217;. No s\u00f3lo nos los cre\u00edmos, sino que sabemos que es un derecho de todos&#8221;.<\/p>\n\n\n\n<p>Fuente: T\u00e9lam<\/p>\n","protected":false},"excerpt":{"rendered":"<p>El gobernador de la provincia de Buenos Aires, Axel Kicillof, asegur\u00f3 hoy que &#8220;no hay diferencias entre los principales referentes de Juntos por el Cambio&hellip; <\/p>\n","protected":false},"author":2,"featured_media":529,"comment_status":"open","ping_status":"open","sticky":false,"template":"","format":"standard","meta":{"footnotes":""},"categories":[9,5],"tags":[],"class_list":["post-528","post","type-post","status-publish","format-standard","has-post-thumbnail","hentry","category-destacadas","category-politica"],"_links":{"self":[{"href":"https:\/\/lametro989.com\/index.php?rest_route=\/wp\/v2\/posts\/528","targetHints":{"allow":["GET"]}}],"collection":[{"href":"https:\/\/lametro989.com\/index.php?rest_route=\/wp\/v2\/posts"}],"about":[{"href":"https:\/\/lametro989.com\/index.php?rest_route=\/wp\/v2\/types\/post"}],"author":[{"embeddable":true,"href":"https:\/\/lametro989.com\/index.php?rest_route=\/wp\/v2\/users\/2"}],"replies":[{"embeddable":true,"href":"https:\/\/lametro989.com\/index.php?rest_route=%2Fwp%2Fv2%2Fcomments&post=528"}],"version-history":[{"count":1,"href":"https:\/\/lametro989.com\/index.php?rest_route=\/wp\/v2\/posts\/528\/revisions"}],"predecessor-version":[{"id":530,"href":"https:\/\/lametro989.com\/index.php?rest_route=\/wp\/v2\/posts\/528\/revisions\/530"}],"wp:featuredmedia":[{"embeddable":true,"href":"https:\/\/lametro989.com\/index.php?rest_route=\/wp\/v2\/media\/529"}],"wp:attachment":[{"href":"https:\/\/lametro989.com\/index.php?rest_route=%2Fwp%2Fv2%2Fmedia&parent=528"}],"wp:term":[{"taxonomy":"category","embeddable":true,"href":"https:\/\/lametro989.com\/index.php?rest_route=%2Fwp%2Fv2%2Fcategories&post=528"},{"taxonomy":"post_tag","embeddable":true,"href":"https:\/\/lametro989.com\/index.php?rest_route=%2Fwp%2Fv2%2Ftags&post=528"}],"curies":[{"name":"wp","href":"https:\/\/api.w.org\/{rel}","templated":true}]}}