{"id":531,"date":"2023-06-29T12:58:17","date_gmt":"2023-06-29T15:58:17","guid":{"rendered":"https:\/\/lametro989.com\/?p=531"},"modified":"2023-06-29T12:58:17","modified_gmt":"2023-06-29T15:58:17","slug":"capitanich-se-reunio-con-el-intendente-de-pinedo-para-coordinar-obras-esenciales","status":"publish","type":"post","link":"https:\/\/lametro989.com\/?p=531","title":{"rendered":"Capitanich se reuni\u00f3 con el intendente de Pinedo para coordinar obras esenciales"},"content":{"rendered":"\n<p>El gobernador Jorge Capitanich se reuni\u00f3 este jueves con el intendente Franco Ciucci para agilizar los desembolsos para la ejecuci\u00f3n de dos obras esenciales, las redes de agua potable con financiamiento BID y el Instituto Terciario.<\/p>\n\n\n\n<figure class=\"wp-block-image size-full\"><img loading=\"lazy\" decoding=\"async\" width=\"1024\" height=\"683\" src=\"https:\/\/lametro989.com\/wp-content\/uploads\/2023\/06\/image-7.png\" alt=\"\" class=\"wp-image-532\" srcset=\"https:\/\/lametro989.com\/wp-content\/uploads\/2023\/06\/image-7.png 1024w, https:\/\/lametro989.com\/wp-content\/uploads\/2023\/06\/image-7-300x200.png 300w, https:\/\/lametro989.com\/wp-content\/uploads\/2023\/06\/image-7-768x512.png 768w\" sizes=\"auto, (max-width: 1024px) 100vw, 1024px\" \/><\/figure>\n\n\n\n<p><br>En sus redes sociales, el primer mandatario provincial manifest\u00f3 que &#8220;ambas obras son estrat\u00e9gicas para la comunidad de Pinedo&#8221;.<br>Cabe mencionar que en mayo el gobierno provincial licit\u00f3 la obra de 30 cuadras de pavimento para la localidad, con una inversi\u00f3n de $423.143.181 y que se financiar\u00e1 a trav\u00e9s del Ministerio de Planificaci\u00f3n, Econom\u00eda e Infraestructura.<\/p>\n\n\n\n<p>Comprende la ejecuci\u00f3n de la pavimentaci\u00f3n en la zona suroeste de General Pinedo, contemplando un total de 3.000 metros lineales de pavimento con calzada de hormig\u00f3n con cordones integrales sobre calle Padre Kalemba.<br>\u201cEntre las que ya se ejecutaron y est\u00e1n en proceso de ejecuci\u00f3n vamos a llegar a 14 mil cuadras de pavimento en tres mandatos, que es m\u00e1s del doble de todo lo que se hizo en la historia constitucional del Chaco\u201d, destac\u00f3 el gobernador. De los 59 municipios chaque\u00f1os con menos de 20 mil habitantes, 15 tienen m\u00e1s del 80 por ciento de sus cuadras pavimentadas.<\/p>\n","protected":false},"excerpt":{"rendered":"<p>El gobernador Jorge Capitanich se reuni\u00f3 este jueves con el intendente Franco Ciucci para agilizar los desembolsos para la ejecuci\u00f3n de dos obras esenciales, las&hellip; <\/p>\n","protected":false},"author":2,"featured_media":532,"comment_status":"open","ping_status":"open","sticky":false,"template":"","format":"standard","meta":{"footnotes":""},"categories":[9,2],"tags":[],"class_list":["post-531","post","type-post","status-publish","format-standard","has-post-thumbnail","hentry","category-destacadas","category-provinciales"],"_links":{"self":[{"href":"https:\/\/lametro989.com\/index.php?rest_route=\/wp\/v2\/posts\/531","targetHints":{"allow":["GET"]}}],"collection":[{"href":"https:\/\/lametro989.com\/index.php?rest_route=\/wp\/v2\/posts"}],"about":[{"href":"https:\/\/lametro989.com\/index.php?rest_route=\/wp\/v2\/types\/post"}],"author":[{"embeddable":true,"href":"https:\/\/lametro989.com\/index.php?rest_route=\/wp\/v2\/users\/2"}],"replies":[{"embeddable":true,"href":"https:\/\/lametro989.com\/index.php?rest_route=%2Fwp%2Fv2%2Fcomments&post=531"}],"version-history":[{"count":1,"href":"https:\/\/lametro989.com\/index.php?rest_route=\/wp\/v2\/posts\/531\/revisions"}],"predecessor-version":[{"id":533,"href":"https:\/\/lametro989.com\/index.php?rest_route=\/wp\/v2\/posts\/531\/revisions\/533"}],"wp:featuredmedia":[{"embeddable":true,"href":"https:\/\/lametro989.com\/index.php?rest_route=\/wp\/v2\/media\/532"}],"wp:attachment":[{"href":"https:\/\/lametro989.com\/index.php?rest_route=%2Fwp%2Fv2%2Fmedia&parent=531"}],"wp:term":[{"taxonomy":"category","embeddable":true,"href":"https:\/\/lametro989.com\/index.php?rest_route=%2Fwp%2Fv2%2Fcategories&post=531"},{"taxonomy":"post_tag","embeddable":true,"href":"https:\/\/lametro989.com\/index.php?rest_route=%2Fwp%2Fv2%2Ftags&post=531"}],"curies":[{"name":"wp","href":"https:\/\/api.w.org\/{rel}","templated":true}]}}