{"id":534,"date":"2023-06-29T13:03:49","date_gmt":"2023-06-29T16:03:49","guid":{"rendered":"https:\/\/lametro989.com\/?p=534"},"modified":"2023-06-29T13:03:49","modified_gmt":"2023-06-29T16:03:49","slug":"masin-el-uso-mediatico-del-caso-cecilia-expone-falta-de-profesionalismo-respecto-a-la-cobertura","status":"publish","type":"post","link":"https:\/\/lametro989.com\/?p=534","title":{"rendered":"Masin: \u201cEl uso medi\u00e1tico del caso Cecilia expone falta de profesionalismo respecto a la cobertura\u201d"},"content":{"rendered":"\n<p>En comunicaci\u00f3n con Radio Provincia del Chaco, la diputada nacional Lucila Masin, analiz\u00f3 la cobertura medi\u00e1tica respecto del caso Cecilia Strzyzowski, sobre lo cual se refiri\u00f3 a la conferencia de prensa del \u00faltimo martes y sostuvo que \u201chan sido muy oportunas las palabras del gobernador\u201d, ya que entiende \u201cen los \u00faltimos d\u00edas han tergiversado informaci\u00f3n, politizado y mediatizado una causa que ha calado fuertemente en la sociedad\u201d.<\/p>\n\n\n\n<figure class=\"wp-block-image size-large\"><img loading=\"lazy\" decoding=\"async\" width=\"1024\" height=\"682\" src=\"https:\/\/lametro989.com\/wp-content\/uploads\/2023\/06\/image-8-1024x682.png\" alt=\"\" class=\"wp-image-535\" srcset=\"https:\/\/lametro989.com\/wp-content\/uploads\/2023\/06\/image-8-1024x682.png 1024w, https:\/\/lametro989.com\/wp-content\/uploads\/2023\/06\/image-8-300x200.png 300w, https:\/\/lametro989.com\/wp-content\/uploads\/2023\/06\/image-8-768x512.png 768w, https:\/\/lametro989.com\/wp-content\/uploads\/2023\/06\/image-8.png 1280w\" sizes=\"auto, (max-width: 1024px) 100vw, 1024px\" \/><\/figure>\n\n\n\n<p>\u201cEs oportuno decir que desde el momento de la desaparici\u00f3n de Cecilia, de las denuncias correspondientes, el Gobierno ha intervenido en el procedimiento, se constituy\u00f3 como querellante, y a trav\u00e9s de eso, han sido los primeros en solicitar las prisiones preventivas de las siete personas sospechadas del caso, se ha constituido un equipo especial de fiscales para avanzar en la investigaci\u00f3n, se han dispuesto todos los efectivos para la b\u00fasqueda, se ha articulado con el Equipo de Antropolog\u00eda Forense del Poder Judicial de C\u00f3rdoba, se han otorgado seguridad para la familia, por mencionar algunas cosas\u201d, precis\u00f3, y agreg\u00f3 que \u201chemos tenido una postura muy seria, prolija respecto a la intervenci\u00f3n\u201d.<\/p>\n\n\n\n<p>Sobre el tratamiento period\u00edstico, indic\u00f3 que&nbsp;<strong>\u201chay un l\u00edmite cuando mezclamos el morbo y la mediatizaci\u00f3n\u201d&nbsp;<\/strong>y plante\u00f3 que \u201cel uso medi\u00e1tico que se dio del caso Cecilia expone la falta de profesionalismo respecto a la cobertura del caso propiamente\u201d. \u201cHablamos que se han extralimitado pruebas que pueden llegar a ser objetables, porque lejos de utilizar sedes judiciales para la presentaci\u00f3n, se han hecho uso y abuso de pruebas que fueron ubicadas en vivo en medios radiales, como una suerte de haber quien pod\u00eda dar el anuncio de manera m\u00e1s r\u00e1pida, que no se correspond\u00eda con el avance de la causa, hasta llegar a cierto punto de que la familia de Cecilia se entere por los medios y no por sede judicial\u201d, explic\u00f3.<\/p>\n\n\n\n<p>En esa l\u00ednea, sostuvo que \u201clos medios hegem\u00f3nicos de comunicaci\u00f3n tergiversan informaci\u00f3n y muestran una postura de determinados hechos, y creo que esa posibilidad de comunicar a trav\u00e9s del morbo, de situaciones que no hacen a la prolijidad comunicacional, nos lleva a reflexionar como sociedad, porque los medios de comunicaci\u00f3n tambi\u00e9n imparten conciencia social y generan un clima que incide en determinadas definiciones\u201d.&nbsp;<\/p>\n\n\n\n<p>Finalmente, manifest\u00f3 que \u201ces necesario pensar de qu\u00e9 manera regulamos, que la comunicaci\u00f3n tiene que estar al servicio de la informaci\u00f3n para el pueblo, y no tergiversar datos o pruebas\u201d, y recalc\u00f3 que \u201chemos sido muy respetuosos, para no generar confusi\u00f3n en la sociedad. No es lo mismo utilizar noticias falsas con un fin electoralista, sobre todo porque tenemos una responsabilidad, que es la de gobernar\u201d.&nbsp;<\/p>\n","protected":false},"excerpt":{"rendered":"<p>En comunicaci\u00f3n con Radio Provincia del Chaco, la diputada nacional Lucila Masin, analiz\u00f3 la cobertura medi\u00e1tica respecto del caso Cecilia Strzyzowski, sobre lo cual se&hellip; <\/p>\n","protected":false},"author":2,"featured_media":535,"comment_status":"open","ping_status":"open","sticky":false,"template":"","format":"standard","meta":{"footnotes":""},"categories":[9,5],"tags":[],"class_list":["post-534","post","type-post","status-publish","format-standard","has-post-thumbnail","hentry","category-destacadas","category-politica"],"_links":{"self":[{"href":"https:\/\/lametro989.com\/index.php?rest_route=\/wp\/v2\/posts\/534","targetHints":{"allow":["GET"]}}],"collection":[{"href":"https:\/\/lametro989.com\/index.php?rest_route=\/wp\/v2\/posts"}],"about":[{"href":"https:\/\/lametro989.com\/index.php?rest_route=\/wp\/v2\/types\/post"}],"author":[{"embeddable":true,"href":"https:\/\/lametro989.com\/index.php?rest_route=\/wp\/v2\/users\/2"}],"replies":[{"embeddable":true,"href":"https:\/\/lametro989.com\/index.php?rest_route=%2Fwp%2Fv2%2Fcomments&post=534"}],"version-history":[{"count":1,"href":"https:\/\/lametro989.com\/index.php?rest_route=\/wp\/v2\/posts\/534\/revisions"}],"predecessor-version":[{"id":536,"href":"https:\/\/lametro989.com\/index.php?rest_route=\/wp\/v2\/posts\/534\/revisions\/536"}],"wp:featuredmedia":[{"embeddable":true,"href":"https:\/\/lametro989.com\/index.php?rest_route=\/wp\/v2\/media\/535"}],"wp:attachment":[{"href":"https:\/\/lametro989.com\/index.php?rest_route=%2Fwp%2Fv2%2Fmedia&parent=534"}],"wp:term":[{"taxonomy":"category","embeddable":true,"href":"https:\/\/lametro989.com\/index.php?rest_route=%2Fwp%2Fv2%2Fcategories&post=534"},{"taxonomy":"post_tag","embeddable":true,"href":"https:\/\/lametro989.com\/index.php?rest_route=%2Fwp%2Fv2%2Ftags&post=534"}],"curies":[{"name":"wp","href":"https:\/\/api.w.org\/{rel}","templated":true}]}}