{"id":543,"date":"2023-06-29T13:11:11","date_gmt":"2023-06-29T16:11:11","guid":{"rendered":"https:\/\/lametro989.com\/?p=543"},"modified":"2023-06-29T13:11:11","modified_gmt":"2023-06-29T16:11:11","slug":"panzardi-reconocio-que-su-frase-fue-poco-feliz-en-ningun-momento-culpe-a-cecilia-de-la-pareja-que-eligio","status":"publish","type":"post","link":"https:\/\/lametro989.com\/?p=543","title":{"rendered":"Panzardi reconoci\u00f3 que su frase fue &#8220;poco feliz&#8221;: &#8220;En ning\u00fan momento culp\u00e9 a Cecilia de la pareja que eligi\u00f3&#8221;"},"content":{"rendered":"\n<p>Durante la sesi\u00f3n legislativa de este mi\u00e9rcoles, una desafortunada frase de la legisladora\u00a0<strong>Claudia Panzardi<\/strong>\u00a0conmocion\u00f3 las redes sociales, tras referirse al caso de\u00a0<strong>Cecilia Strzyzowski<\/strong>.\u00a0 <\/p>\n\n\n\n<figure class=\"wp-block-image size-full\"><img loading=\"lazy\" decoding=\"async\" width=\"850\" height=\"513\" src=\"https:\/\/lametro989.com\/wp-content\/uploads\/2023\/06\/image-11.png\" alt=\"\" class=\"wp-image-544\" srcset=\"https:\/\/lametro989.com\/wp-content\/uploads\/2023\/06\/image-11.png 850w, https:\/\/lametro989.com\/wp-content\/uploads\/2023\/06\/image-11-300x181.png 300w, https:\/\/lametro989.com\/wp-content\/uploads\/2023\/06\/image-11-768x464.png 768w\" sizes=\"auto, (max-width: 850px) 100vw, 850px\" \/><\/figure>\n\n\n\n<p><strong>&#8220;Se dice que sufr\u00eda violencia de g\u00e9nero. Sin embargo, Cecilia fue la que eligi\u00f3 err\u00f3neamente, seguramente, a esa familia&#8221;<\/strong>, sostuvo la diputada alineada con&nbsp;<strong>Jorge Capitanich<\/strong>. Y dijo que<strong>&nbsp;la joven no hab\u00eda presentado denuncias por violencia contra C\u00e9sar Sena, hoy imputado por su supuesto femicidio.&nbsp;<\/strong><\/p>\n\n\n\n<p>Los desafortunados dichos formaron parte de la respuesta de Panzardi a la legisladora de la UCR Evoluci\u00f3n,\u00a0<strong>Andrea Canteros Reiser<\/strong>, quien hab\u00eda cuestionado\u00a0<strong>el rol del Gobierno en la situaci\u00f3n que envuelve el crimen de Cecilia<\/strong>. <\/p>\n\n\n\n<p>&#8220;Quien hac\u00eda uso de la palabra es abogada y habl\u00f3 de un mont\u00f3n de hechos que no fueron denunciados. Y si lo fueron, que los exhiba por favor as\u00ed tomamos conocimiento todos y podemos ayudar&#8221;, dijo Panzardi. Y agreg\u00f3:&nbsp;<strong>&#8220;Es f\u00e1cil hablar de aprietes y de un mont\u00f3n de cuestiones. \u00bfY las denuncias d\u00f3nde est\u00e1n?&#8221;.<\/strong><\/p>\n\n\n\n<p><strong>&#8220;Ha puesto en sus palabras afirmaciones como diciendo que Cecilia que era v\u00edctima de violencia de g\u00e9nero&#8221;<\/strong>, dijo. Y remarc\u00f3: &#8220;Sin embargo, Cecilia fue la que eligi\u00f3 err\u00f3neamente, seguramente, a esa familia.&nbsp;<strong>Hac\u00eda muy poco que se hab\u00edan casado y nunca hubo una sola denuncia por violencia de g\u00e9nero. Dejen de mentir<\/strong>&#8220;, lanz\u00f3.<\/p>\n\n\n\n<p>La indignante frase se viraliz\u00f3 en las \u00faltimas horas del mi\u00e9rcoles y caus\u00f3 conmoci\u00f3n en redes sociales.&nbsp;<strong>En medio de la controversia, la legisladora se hizo eco de las cr\u00edticas y pidi\u00f3 disculpas.&nbsp;<\/strong><ins><\/ins><\/p>\n\n\n\n<p>En di\u00e1logo con&nbsp;<strong>Diario TAG<\/strong>,&nbsp;<strong>Claudia Panzardi<\/strong>, sostuvo:&nbsp;<strong>&#8220;Tengo que pedir disculpas porque quienes me conocen saben que no soy as\u00ed de ninguna manera, saben de mi acompa\u00f1amiento sobre todo a las mujeres&#8221;<\/strong>. En tanto, dijo que ya pidi\u00f3 disculpas p\u00fablicamente a trav\u00e9s de redes sociales y public\u00f3 el video completo de su intervenci\u00f3n en la sesi\u00f3n, que dur\u00f3 25 minutos.&nbsp;<\/p>\n\n\n\n<p>&#8220;Fue un momento de mucho dolor.&nbsp;<strong>Estaba organizado el ataque que iban a realizar utilizando el tema de Cecilia para endilgarnos responsabilidad sobre el hecho<\/strong>&#8220;, apunt\u00f3 la legisladora en declaraciones a este medio y habl\u00f3 sobre el discurso de Canteros Reiser.&nbsp;<\/p>\n\n\n\n<p>&#8220;En un momento, entre tantas falacias que se vertieron,<strong>&nbsp;dejan deslizar que Cecilia ya habr\u00eda sido v\u00edctima de violencia de g\u00e9nero antes de desaparecer, de que el Estado no actu\u00f3 y que esto sucedi\u00f3 a ra\u00edz por culpa del Gobierno que asigna presupuesto, que no tiene pol\u00edticas y dem\u00e1s<\/strong>&#8220;, explic\u00f3.<\/p>\n\n\n\n<p>Y argument\u00f3 sobre sus expresiones: &#8220;Lo que yo quise significar y que,<strong>&nbsp;la verdad reconozco que no pude expresar lo que yo quer\u00eda decir en ese momento<\/strong>, era que&nbsp;<strong>no hab\u00eda denuncias anteriores por violencia de g\u00e9nero.<\/strong>&nbsp;Eso ya lo hubi\u00e9ramos sabido si hab\u00eda, porque realmente se est\u00e1 haciendo un trabajo muy minucioso en la investigaci\u00f3n&#8221;.&nbsp;<\/p>\n\n\n\n<p>&#8220;Lo que quise significar es que a Cecilia la conocimos y la vemos lamentablemente de esto que ha sucedido, pero<strong>&nbsp;siempre con fotos realmente muy felices y muy enamorados<\/strong>&#8220;, continu\u00f3.<\/p>\n\n\n\n<p>Y dijo:&nbsp;<strong>&#8220;Ella era parte de esa familia y era lo que ella hab\u00eda elegido. \u00bfC\u00f3mo el Gobierno o la instituciones desde afuera pod\u00edan poner en tela de juicio ese amor o esa pareja?&#8221;.<\/strong><\/p>\n\n\n\n<p>&#8220;Sumado a eso, el entorno familiar cercano de la joven en todo este proceso, la mam\u00e1 siempre se expres\u00f3 diciendo en que ellos no sab\u00edan que pod\u00eda haber violencia de g\u00e9nero, incluso en m\u00e1s de una oportunidad se refiri\u00f3 y en muy buenos t\u00e9rminos hacia quien es el principal imputado en esta causa que es C\u00e9sar Sena&#8221;, explic\u00f3.<\/p>\n\n\n\n<p>&#8220;<strong>\u00bfC\u00f3mo el Estado va a actuar en una situaci\u00f3n que no fue denunciada?<\/strong>&nbsp;y que adem\u00e1s, nunca ha manifestado que previo a la desaparici\u00f3n de Cecilia hubiera habido violencia&#8221;, continu\u00f3 la legisladora en declaraciones a Diario TAG.&nbsp;<\/p>\n\n\n\n<p><strong>&#8220;Reconozco que mi expresi\u00f3n, el modo de la expresi\u00f3n, fue poco feliz. Por eso reitero mis disculpas. Pero en ning\u00fan momento culpe a Cecilia de la pareja que eligi\u00f3&#8221;.<\/strong><\/p>\n\n\n\n<p>Sobre el crimen de Cecilia y la investigaci\u00f3n, Panzardi dijo: &#8220;Lo que espero y quiero es que se siga investigando y&nbsp;<strong>que hasta el \u00faltimo de los c\u00f3mplices o part\u00edcipes que haya podido tener este crimen horrendo tenga su debido castigo<\/strong>&#8220;.&nbsp;<\/p>\n\n\n\n<p><strong>&#8220;Que paguen los asesinos de Cecilia, que cumplan una condena hasta el \u00faltimo de sus d\u00edas&#8221;<\/strong>, concluy\u00f3.<\/p>\n","protected":false},"excerpt":{"rendered":"<p>Durante la sesi\u00f3n legislativa de este mi\u00e9rcoles, una desafortunada frase de la legisladora\u00a0Claudia Panzardi\u00a0conmocion\u00f3 las redes sociales, tras referirse al caso de\u00a0Cecilia Strzyzowski.\u00a0 &#8220;Se dice&hellip; <\/p>\n","protected":false},"author":2,"featured_media":544,"comment_status":"open","ping_status":"open","sticky":false,"template":"","format":"standard","meta":{"footnotes":""},"categories":[9,2],"tags":[],"class_list":["post-543","post","type-post","status-publish","format-standard","has-post-thumbnail","hentry","category-destacadas","category-provinciales"],"_links":{"self":[{"href":"https:\/\/lametro989.com\/index.php?rest_route=\/wp\/v2\/posts\/543","targetHints":{"allow":["GET"]}}],"collection":[{"href":"https:\/\/lametro989.com\/index.php?rest_route=\/wp\/v2\/posts"}],"about":[{"href":"https:\/\/lametro989.com\/index.php?rest_route=\/wp\/v2\/types\/post"}],"author":[{"embeddable":true,"href":"https:\/\/lametro989.com\/index.php?rest_route=\/wp\/v2\/users\/2"}],"replies":[{"embeddable":true,"href":"https:\/\/lametro989.com\/index.php?rest_route=%2Fwp%2Fv2%2Fcomments&post=543"}],"version-history":[{"count":1,"href":"https:\/\/lametro989.com\/index.php?rest_route=\/wp\/v2\/posts\/543\/revisions"}],"predecessor-version":[{"id":545,"href":"https:\/\/lametro989.com\/index.php?rest_route=\/wp\/v2\/posts\/543\/revisions\/545"}],"wp:featuredmedia":[{"embeddable":true,"href":"https:\/\/lametro989.com\/index.php?rest_route=\/wp\/v2\/media\/544"}],"wp:attachment":[{"href":"https:\/\/lametro989.com\/index.php?rest_route=%2Fwp%2Fv2%2Fmedia&parent=543"}],"wp:term":[{"taxonomy":"category","embeddable":true,"href":"https:\/\/lametro989.com\/index.php?rest_route=%2Fwp%2Fv2%2Fcategories&post=543"},{"taxonomy":"post_tag","embeddable":true,"href":"https:\/\/lametro989.com\/index.php?rest_route=%2Fwp%2Fv2%2Ftags&post=543"}],"curies":[{"name":"wp","href":"https:\/\/api.w.org\/{rel}","templated":true}]}}