{"id":546,"date":"2023-06-29T13:13:47","date_gmt":"2023-06-29T16:13:47","guid":{"rendered":"https:\/\/lametro989.com\/?p=546"},"modified":"2023-06-29T13:13:47","modified_gmt":"2023-06-29T16:13:47","slug":"larreta-senalo-en-corrientes-que-ayudaran-a-las-empresas-para-que-generar-trabajo-sea-mas-facil-barato-y-seguro","status":"publish","type":"post","link":"https:\/\/lametro989.com\/?p=546","title":{"rendered":"Larreta se\u00f1al\u00f3 en Corrientes que ayudar\u00e1n a las empresas para que generar trabajo &#8220;sea m\u00e1s f\u00e1cil, barato y seguro&#8221;"},"content":{"rendered":"\n<p>El precandidato presidencial de Juntos por el Cambio realiza una recorrida por el interior donde plantea su campa\u00f1a electoral de cara a las PASO del 13 de agosto.<\/p>\n\n\n\n<figure class=\"wp-block-image size-full\"><img loading=\"lazy\" decoding=\"async\" width=\"850\" height=\"474\" src=\"https:\/\/lametro989.com\/wp-content\/uploads\/2023\/06\/image-12.png\" alt=\"\" class=\"wp-image-547\" srcset=\"https:\/\/lametro989.com\/wp-content\/uploads\/2023\/06\/image-12.png 850w, https:\/\/lametro989.com\/wp-content\/uploads\/2023\/06\/image-12-300x167.png 300w, https:\/\/lametro989.com\/wp-content\/uploads\/2023\/06\/image-12-768x428.png 768w\" sizes=\"auto, (max-width: 850px) 100vw, 850px\" \/><\/figure>\n\n\n\n<p>Horacio Rodr\u00edguez Larreta realiz\u00f3 una conferencia de prensa en Corrientes, junto a Gustavo Vald\u00e9s y Gerardo Morales, donde habl\u00f3 de un plan para\u00a0<strong>&#8220;hacer a las empresas que generar trabajos sea m\u00e1s, f\u00e1cil m\u00e1s barato y m\u00e1s seguro&#8221;.<\/strong> <\/p>\n\n\n\n<p>Seg\u00fan plante\u00f3 el jefe de Gobierno porte\u00f1o, en una eventual presidencia buscar\u00e1 &#8220;facilitar la creaci\u00f3n de empresas, volver a la posibilidad de que las micro y las peque\u00f1as puedan crearse en 24 horas y bajando al m\u00ednimo los impuestos nacionales.&#8221;<\/p>\n\n\n\n<p>En ese sentido, Larreta remarc\u00f3 que desde su armado pol\u00edtico buscan &#8220;formalizar a tres millones de personas, que hoy trabajan en empresas informales&#8221; y terminar con la &#8220;industria del juicio laboral&#8221; que &#8220;te voltea una pyme&#8221;.<\/p>\n","protected":false},"excerpt":{"rendered":"<p>El precandidato presidencial de Juntos por el Cambio realiza una recorrida por el interior donde plantea su campa\u00f1a electoral de cara a las PASO del&hellip; <\/p>\n","protected":false},"author":2,"featured_media":547,"comment_status":"open","ping_status":"open","sticky":false,"template":"","format":"standard","meta":{"footnotes":""},"categories":[9,5],"tags":[],"class_list":["post-546","post","type-post","status-publish","format-standard","has-post-thumbnail","hentry","category-destacadas","category-politica"],"_links":{"self":[{"href":"https:\/\/lametro989.com\/index.php?rest_route=\/wp\/v2\/posts\/546","targetHints":{"allow":["GET"]}}],"collection":[{"href":"https:\/\/lametro989.com\/index.php?rest_route=\/wp\/v2\/posts"}],"about":[{"href":"https:\/\/lametro989.com\/index.php?rest_route=\/wp\/v2\/types\/post"}],"author":[{"embeddable":true,"href":"https:\/\/lametro989.com\/index.php?rest_route=\/wp\/v2\/users\/2"}],"replies":[{"embeddable":true,"href":"https:\/\/lametro989.com\/index.php?rest_route=%2Fwp%2Fv2%2Fcomments&post=546"}],"version-history":[{"count":1,"href":"https:\/\/lametro989.com\/index.php?rest_route=\/wp\/v2\/posts\/546\/revisions"}],"predecessor-version":[{"id":548,"href":"https:\/\/lametro989.com\/index.php?rest_route=\/wp\/v2\/posts\/546\/revisions\/548"}],"wp:featuredmedia":[{"embeddable":true,"href":"https:\/\/lametro989.com\/index.php?rest_route=\/wp\/v2\/media\/547"}],"wp:attachment":[{"href":"https:\/\/lametro989.com\/index.php?rest_route=%2Fwp%2Fv2%2Fmedia&parent=546"}],"wp:term":[{"taxonomy":"category","embeddable":true,"href":"https:\/\/lametro989.com\/index.php?rest_route=%2Fwp%2Fv2%2Fcategories&post=546"},{"taxonomy":"post_tag","embeddable":true,"href":"https:\/\/lametro989.com\/index.php?rest_route=%2Fwp%2Fv2%2Ftags&post=546"}],"curies":[{"name":"wp","href":"https:\/\/api.w.org\/{rel}","templated":true}]}}