{"id":551,"date":"2023-06-29T13:18:22","date_gmt":"2023-06-29T16:18:22","guid":{"rendered":"https:\/\/lametro989.com\/?p=551"},"modified":"2023-06-29T13:18:22","modified_gmt":"2023-06-29T16:18:22","slug":"allanaron-la-casa-de-milagro-sala-tras-los-incidentes-en-jujuy","status":"publish","type":"post","link":"https:\/\/lametro989.com\/?p=551","title":{"rendered":"Allanaron la casa de Milagro Sala tras los incidentes en Jujuy"},"content":{"rendered":"\n<p>Jujuy sigue convulsionada por las protestas contra la reforma constitucional de Gerardo Morales mientras la Justicia intenta determinar si hay nexos entre los manifestantes y Sala.<\/p>\n\n\n\n<figure class=\"wp-block-image size-full\"><img loading=\"lazy\" decoding=\"async\" width=\"610\" height=\"457\" src=\"https:\/\/lametro989.com\/wp-content\/uploads\/2023\/06\/image-14.png\" alt=\"\" class=\"wp-image-552\" srcset=\"https:\/\/lametro989.com\/wp-content\/uploads\/2023\/06\/image-14.png 610w, https:\/\/lametro989.com\/wp-content\/uploads\/2023\/06\/image-14-300x225.png 300w\" sizes=\"auto, (max-width: 610px) 100vw, 610px\" \/><\/figure>\n\n\n\n<p>Efectivos policiales allanaron este jueves la casa de la dirigente social&nbsp;<strong>Milagro Sala<\/strong>&nbsp;en el barrio Cuyaya de la capital juje\u00f1a en el marco de una c<strong>ausa derivada de las manifestaciones ocurridas en los \u00faltimos d\u00edas en Jujuy.<\/strong><\/p>\n\n\n\n<p>El procedimiento fue ordenado por el juez<strong>\u00a0Rodolfo Fern\u00e1ndez,<\/strong>\u00a0con intervenci\u00f3n del fiscal\u00a0<strong>Diego Funes,<\/strong>\u00a0con el objeto de\u00a0secuestrar dinero, computadoras y tel\u00e9fonos celulares,\u00a0dijeron allegados a Sala, quien cumple con arresto domiciliario. <\/p>\n\n\n\n<p>La medida se llev\u00f3 a cabo con el apoyo de canes que revisaron todo el inmueble, incluyendo la habitaci\u00f3n que ocupa&nbsp;<strong>Ra\u00fal Noro,<\/strong>&nbsp;esposo de Sala, quien se encuentra gravemente enfermo -hasta hace poco estuvo internado- y, seg\u00fan su familia, &#8220;en sus \u00faltimos d\u00edas&#8221;.<\/p>\n\n\n\n<p>Ante la sorpresiva medida llevada a cabo por la justica local, la referente de la organizaci\u00f3n T\u00fapac Amaru solicit\u00f3 de urgencia la presencia de sus abogados.<\/p>\n\n\n\n<figure class=\"wp-block-image\"><img decoding=\"async\" src=\"https:\/\/media.minutouno.com\/p\/1474b05fbf184c63e44a50f97ab09740\/adjuntos\/150\/imagenes\/040\/787\/0040787099\/610x0\/smart\/morales-gerardojpg.jpg\" alt=\"\" title=\"\"\/><\/figure>\n\n\n\n<p>En los \u00faltimos d\u00edas en Jujuy se desataron varios hechos de violencia con numerosos heridos y detenidos debido a la represi\u00f3n que viene llevando adelante la Polic\u00eda provincial ante las masivas protestas de los pobladores que se manifestaron en contra la reforma parcial de la Constituci\u00f3n aprobada y jurada el 20 de junio pasado.<\/p>\n","protected":false},"excerpt":{"rendered":"<p>Jujuy sigue convulsionada por las protestas contra la reforma constitucional de Gerardo Morales mientras la Justicia intenta determinar si hay nexos entre los manifestantes y&hellip; <\/p>\n","protected":false},"author":2,"featured_media":552,"comment_status":"open","ping_status":"open","sticky":false,"template":"","format":"standard","meta":{"footnotes":""},"categories":[9,5],"tags":[],"class_list":["post-551","post","type-post","status-publish","format-standard","has-post-thumbnail","hentry","category-destacadas","category-politica"],"_links":{"self":[{"href":"https:\/\/lametro989.com\/index.php?rest_route=\/wp\/v2\/posts\/551","targetHints":{"allow":["GET"]}}],"collection":[{"href":"https:\/\/lametro989.com\/index.php?rest_route=\/wp\/v2\/posts"}],"about":[{"href":"https:\/\/lametro989.com\/index.php?rest_route=\/wp\/v2\/types\/post"}],"author":[{"embeddable":true,"href":"https:\/\/lametro989.com\/index.php?rest_route=\/wp\/v2\/users\/2"}],"replies":[{"embeddable":true,"href":"https:\/\/lametro989.com\/index.php?rest_route=%2Fwp%2Fv2%2Fcomments&post=551"}],"version-history":[{"count":1,"href":"https:\/\/lametro989.com\/index.php?rest_route=\/wp\/v2\/posts\/551\/revisions"}],"predecessor-version":[{"id":553,"href":"https:\/\/lametro989.com\/index.php?rest_route=\/wp\/v2\/posts\/551\/revisions\/553"}],"wp:featuredmedia":[{"embeddable":true,"href":"https:\/\/lametro989.com\/index.php?rest_route=\/wp\/v2\/media\/552"}],"wp:attachment":[{"href":"https:\/\/lametro989.com\/index.php?rest_route=%2Fwp%2Fv2%2Fmedia&parent=551"}],"wp:term":[{"taxonomy":"category","embeddable":true,"href":"https:\/\/lametro989.com\/index.php?rest_route=%2Fwp%2Fv2%2Fcategories&post=551"},{"taxonomy":"post_tag","embeddable":true,"href":"https:\/\/lametro989.com\/index.php?rest_route=%2Fwp%2Fv2%2Ftags&post=551"}],"curies":[{"name":"wp","href":"https:\/\/api.w.org\/{rel}","templated":true}]}}