{"id":557,"date":"2023-06-29T13:24:22","date_gmt":"2023-06-29T16:24:22","guid":{"rendered":"https:\/\/lametro989.com\/?p=557"},"modified":"2023-06-29T13:24:22","modified_gmt":"2023-06-29T16:24:22","slug":"leandro-paredes-hablo-por-primera-vez-de-los-rumores-sobre-el-papu-gomez-en-la-seleccion-argentina","status":"publish","type":"post","link":"https:\/\/lametro989.com\/?p=557","title":{"rendered":"Leandro Paredes habl\u00f3 por primera vez de los rumores sobre el Papu G\u00f3mez en la selecci\u00f3n argentina"},"content":{"rendered":"\n<p>El mediocampista de la Albiceleste se refiri\u00f3 a los rumores que circularon sobre la exclusi\u00f3n del jugador del Sevilla <\/p>\n\n\n\n<figure class=\"wp-block-image size-full\"><img loading=\"lazy\" decoding=\"async\" width=\"420\" height=\"236\" src=\"https:\/\/lametro989.com\/wp-content\/uploads\/2023\/06\/image-16.png\" alt=\"\" class=\"wp-image-558\" srcset=\"https:\/\/lametro989.com\/wp-content\/uploads\/2023\/06\/image-16.png 420w, https:\/\/lametro989.com\/wp-content\/uploads\/2023\/06\/image-16-300x169.png 300w\" sizes=\"auto, (max-width: 420px) 100vw, 420px\" \/><\/figure>\n\n\n\n<p> <strong>Leandro Paredes<\/strong>\u00a0realiz\u00f3 una entrevista en la que se refiri\u00f3 a los logros con la selecci\u00f3n argentina, proyect\u00f3 su carrera como futbolista (con la fantas\u00eda pendiente de volver un d\u00eda a Boca Juniors) y no evadi\u00f3 hablar de\u00a0<strong>Alejandro G\u00f3mez<\/strong>, de quien hubo rumores reiterados desde que la Albiceleste se consagr\u00f3 en Qatar 2022. El\u00a0<em>Papu\u00a0<\/em>hab\u00eda sido convocado por Lionel Scaloni para los amistosos de marzo, pero se baj\u00f3 de la lista debido a que el Sevilla no lo autoriz\u00f3 a viajar ya que se estaba recuperando de una lesi\u00f3n en el tobillo izquierdo. Tras la rehabilitaci\u00f3n, el DT lo excluy\u00f3 de la \u00faltima gira por Asia y su apartamiento sembr\u00f3 m\u00e1s incertidumbre sobre la relaci\u00f3n con sus compa\u00f1eros. <\/p>\n\n\n\n<p><strong>\u201cSon rumores que se dijeron en internet y no s\u00e9 por qu\u00e9, pero no, no pasa nada. Es algo que sali\u00f3 y no sabemos el porqu\u00e9. Se habla mucho, pero nosotros no le damos bola porque sabemos c\u00f3mo es la prensa, que cuando las cosas van muy bien algo tiene que hablar para movilizar ese bienestar. Entonces tratamos de no escuchar y seguir en la nuestra\u201d<\/strong>, declar\u00f3 Paredes en una nota con el youtuber&nbsp;<em>Ezzequiel<\/em>. E insisti\u00f3: \u201cNosotros estamos muy bien como grupo, como selecci\u00f3n, como equipo. Disfrutamos lo que estamos viviendo y lo que puede pasar al externo tratamos de no darle bola\u201d.<\/p>\n\n\n\n<p>Por otra parte, tambi\u00e9n fue consultado por la continuidad de&nbsp;<strong>Lionel Messi&nbsp;<\/strong>y la frase en la que anunci\u00f3 que no disputar\u00eda la pr\u00f3xima Copa del Mundo:&nbsp;<strong>\u201c\u00c9l est\u00e1 muy bien. Tambi\u00e9n ir\u00e1 d\u00ed a d\u00eda m\u00e1s en este momento de su carrera. Que \u00e9l est\u00e9 contento y feliz, que disfrute de estar en la Selecci\u00f3n es importante y trataremos de que lo siga haciendo\u201d.<\/strong>&nbsp;Sobre el Mundial, Leo habl\u00f3 de uno de los instantes en los que m\u00e1s sufri\u00f3: la tanda de penales contra Francia: \u201cNo es tanto el patear el penal, sino la caminata. Esos 40 metros son terribles, se te cruzan las cosas negativas. Lo que puede llegar a pasar si err\u00e1s, toda la responsabilidad que conlleva eso&#8230; As\u00ed que eso es lo que m\u00e1s se sufre. El patear es m\u00e1s normal\u201d.<\/p>\n\n\n\n<p><img loading=\"lazy\" decoding=\"async\" alt=\"Paredes desminti\u00f3 que haya habido un altercado con el Papu G\u00f3mez (REUTERS\/Bernadett Szabo)\" height=\"2416\" width=\"3386\" class=\"\" src=\"https:\/\/www.infobae.com\/new-resizer\/oVPwyEYoK-PTV4jNKUvLVtpYHGQ=\/3386x2416\/filters:format(webp):quality(85)\/cloudfront-us-east-1.images.arcpublishing.com\/infobae\/PUQ74ZPBCGIOMXXY6PMYIS7XFY.jpg\" srcset=\"https:\/\/www.infobae.com\/new-resizer\/_iimllYoKrimt9otpF1PFin4fXk=\/420x315\/filters:format(webp):quality(85)\/cloudfront-us-east-1.images.arcpublishing.com\/infobae\/PUQ74ZPBCGIOMXXY6PMYIS7XFY.jpg 420w,https:\/\/www.infobae.com\/new-resizer\/a731sh5gEtGkYATqC9uT3VxOf2c=\/768x576\/filters:format(webp):quality(85)\/cloudfront-us-east-1.images.arcpublishing.com\/infobae\/PUQ74ZPBCGIOMXXY6PMYIS7XFY.jpg 768w,https:\/\/www.infobae.com\/new-resizer\/HWYVEj_LloGn6fI4BQ_C9x1ewak=\/992x744\/filters:format(webp):quality(85)\/cloudfront-us-east-1.images.arcpublishing.com\/infobae\/PUQ74ZPBCGIOMXXY6PMYIS7XFY.jpg 992w,https:\/\/www.infobae.com\/new-resizer\/Ko8VBS1XGCJ0vVG9bSuuHlZoP9o=\/1200x900\/filters:format(webp):quality(85)\/cloudfront-us-east-1.images.arcpublishing.com\/infobae\/PUQ74ZPBCGIOMXXY6PMYIS7XFY.jpg 1200w,https:\/\/www.infobae.com\/new-resizer\/-V7_K3S1eBSoci2MZ0ziYq8Fr9A=\/1440x1080\/filters:format(webp):quality(85)\/cloudfront-us-east-1.images.arcpublishing.com\/infobae\/PUQ74ZPBCGIOMXXY6PMYIS7XFY.jpg 1440w\">Paredes desminti\u00f3 que haya habido un altercado con el Papu G\u00f3mez (REUTERS\/Bernadett Szabo)<\/p>\n\n\n\n<p>El volante que volver\u00e1 al PSG tras su pr\u00e9stamo en la Juventus no ceder\u00e1 respecto a la idea de sumar t\u00edtulos a su cosecha personal: \u201cTengo mentalidad ganadora, quiero seguir logrando cosas importantes a nivel clubes y selecci\u00f3n. La Copa Am\u00e9rica dentro de un a\u00f1o es el primer objetivo que nos ponemos a nivel selecci\u00f3n. Y despu\u00e9s a nivel clubes ganar la mayor cantidad de t\u00edtulos posibles\u201d. <\/p>\n\n\n\n<p>El sue\u00f1o de retornar a Boca sigue latente aunque se pospondr\u00e1 un tiempo: \u201c<strong>Seguramente volver para m\u00ed ser\u00eda un sue\u00f1o muy grande porque me fui con muchas ganas de seguir jugando en el club.<\/strong>&nbsp;Quiero estar un tiempo m\u00e1s en Europa y despu\u00e9s volver\u00e9 a jugar ac\u00e1. Hoy en d\u00eda es casi imposible. No me pongo tiempo ni edad porque ser\u00eda ilusionar a la gente, as\u00ed que vivo mi vida y mi carrera d\u00eda a d\u00eda. Nunca me pongo plazos para ese tipo de cosas\u201d. Y de su v\u00ednculo con&nbsp;<strong>Juan Rom\u00e1n Riquelme<\/strong>, al que despidi\u00f3 en su homenaje, record\u00f3: \u201cMi relaci\u00f3n es muy buena, en el momento que me toc\u00f3 subir al plantel de Primera fue el que m\u00e1s me ayud\u00f3. Se puso a disposici\u00f3n m\u00eda para todo lo que necesitara, as\u00ed que solo tengo palabras de agradecimiento para \u00e9l\u201d.<\/p>\n\n\n\n<p><strong>Finalmente habl\u00f3 de otra de las figuras con las que comparti\u00f3 vestuario: Neymar.\u00a0<\/strong>El brasile\u00f1o fue su compa\u00f1ero en Par\u00eds Saint Germain y es ponderado por varios por la calidad de sus fiestas. \u201cEs un chico muy divertido, humilde, le gusta pasarla bien con sus amigos, familia y gente que quiere. Se muestra como realmente es. Yo hablo bastante seguido con \u00e9l, para m\u00ed es un chico incre\u00edble. La pas\u00e1bamos bien en sus fiestas, ten\u00edamos un grupo muy bueno en Par\u00eds. Cuando ten\u00edamos que hacer una cena o fiesta la pas\u00e1bamos muy bien\u201d. <\/p>\n\n\n\n<p><strong>EL CUESTIONARIO A LEANDRO PAREDES<\/strong><\/p>\n\n\n\n<p><img loading=\"lazy\" decoding=\"async\" alt=\"Leandro Paredes y un cuestionario salpicado (REUTERS\/Kai Pfaffenbach)\" height=\"1744\" width=\"3100\" class=\"\" src=\"https:\/\/www.infobae.com\/new-resizer\/hCC-7auaDn8VirD1PDMd69gvqo0=\/3100x1744\/filters:format(webp):quality(85)\/cloudfront-us-east-1.images.arcpublishing.com\/infobae\/DG3LJDIRURBQZI36KA5AOTBI7U\" srcset=\"https:\/\/www.infobae.com\/new-resizer\/nHilykzpwdSf-XSFfg8WQbFHqT4=\/420x236\/filters:format(webp):quality(85)\/cloudfront-us-east-1.images.arcpublishing.com\/infobae\/DG3LJDIRURBQZI36KA5AOTBI7U 420w,https:\/\/www.infobae.com\/new-resizer\/ANP8lC-qjFrRim9jWiYMctuo9PY=\/768x432\/filters:format(webp):quality(85)\/cloudfront-us-east-1.images.arcpublishing.com\/infobae\/DG3LJDIRURBQZI36KA5AOTBI7U 768w,https:\/\/www.infobae.com\/new-resizer\/OmI-zHrPwlT5N6eOy01IqWZ_GDU=\/992x558\/filters:format(webp):quality(85)\/cloudfront-us-east-1.images.arcpublishing.com\/infobae\/DG3LJDIRURBQZI36KA5AOTBI7U 992w,https:\/\/www.infobae.com\/new-resizer\/FthHPpDylMbmF49TazybLnsUYhw=\/1200x675\/filters:format(webp):quality(85)\/cloudfront-us-east-1.images.arcpublishing.com\/infobae\/DG3LJDIRURBQZI36KA5AOTBI7U 1200w,https:\/\/www.infobae.com\/new-resizer\/_IXGZtsetUDRtkPUx3XPKHiKts0=\/1440x810\/filters:format(webp):quality(85)\/cloudfront-us-east-1.images.arcpublishing.com\/infobae\/DG3LJDIRURBQZI36KA5AOTBI7U 1440w\">Leandro Paredes y un cuestionario salpicado (REUTERS\/Kai Pfaffenbach)<\/p>\n\n\n\n<p>-\u00cddolo de chico:&nbsp;<strong>Riquelme.<\/strong><\/p>\n\n\n\n<p>-El mejor en su puesto:&nbsp;<strong>Sergio Busquets.<\/strong><\/p>\n\n\n\n<p>-El mejor en su puesto en Argentina:&nbsp;<strong>Alan Varela.<\/strong><\/p>\n\n\n\n<p>-\u00bfNeymar o Mbapp\u00e9?&nbsp;<strong>Neymar.<\/strong><\/p>\n\n\n\n<p>-\u00bfCu\u00e1ntas veces vio la final del Mundial?&nbsp;<strong>Muchas.<\/strong><\/p>\n\n\n\n<p>-El m\u00e1s fachero de la Selecci\u00f3n:<strong>&nbsp;Yo.<\/strong><\/p>\n\n\n\n<p>-El que peor se viste:<strong>&nbsp;Rodri (De Paul).<\/strong><\/p>\n\n\n\n<p>-C\u00f3mo se llama el grupo de WhatsApp de la Selecci\u00f3n:&nbsp;<strong>Campeones del Mundo.<\/strong><\/p>\n\n\n\n<p>-El estadio m\u00e1s lindo donde jug\u00f3:&nbsp;<strong>Boca.<\/strong><\/p>\n\n\n\n<p>-El m\u00e1s complicado:&nbsp;<strong>Galatasaray.<\/strong><\/p>\n\n\n\n<p>-Un equipo en el que estuvo cerca de jugar:&nbsp;<strong>Inter de Mil\u00e1n.<\/strong><\/p>\n\n\n\n<p>-Equipo al que nunca ir\u00eda:&nbsp;<strong>River.<\/strong><\/p>\n\n\n\n<p>-El mejor entrenador que tuvo:&nbsp;<strong>Scaloni.<\/strong><\/p>\n\n\n\n<p>-El peor entrenador que tuvo:&nbsp;<strong>paso.<\/strong><\/p>\n\n\n\n<p>-Su mayor virtud:<strong>&nbsp;la pegada.<\/strong><\/p>\n\n\n\n<p>-Su mayor defecto:&nbsp;<strong>el temperamento.<\/strong><\/p>\n\n\n\n<p>-Describ\u00ed tu juego con una palabra:<strong>&nbsp;elegancia.<\/strong><\/p>\n\n\n\n<p>-Su mejor socio:&nbsp;<strong>Messi.<\/strong><\/p>\n\n\n\n<p>-La mejor camiseta que cambi\u00f3:<strong>&nbsp;la de Messi.<\/strong><\/p>\n\n\n\n<p>-Hacer un ca\u00f1o o pegar una patada:&nbsp;<strong>hacer un ca\u00f1o.<\/strong><\/p>\n\n\n\n<p>-\u00bfVAR s\u00ed o no?&nbsp;<strong>No.<\/strong><\/p>\n\n\n\n<p>-\u00bfLibertadores o Champions?&nbsp;<strong>Libertadores.<\/strong><\/p>\n\n\n\n<p>-Comida preferida:&nbsp;<strong>milanesa con papas fritas.<\/strong><\/p>\n\n\n\n<p>-\u00bfSab\u00e9s cocinar?&nbsp;<strong>No.<\/strong><\/p>\n","protected":false},"excerpt":{"rendered":"<p>El mediocampista de la Albiceleste se refiri\u00f3 a los rumores que circularon sobre la exclusi\u00f3n del jugador del Sevilla Leandro Paredes\u00a0realiz\u00f3 una entrevista en la&hellip; <\/p>\n","protected":false},"author":2,"featured_media":558,"comment_status":"open","ping_status":"open","sticky":false,"template":"","format":"standard","meta":{"footnotes":""},"categories":[13],"tags":[],"class_list":["post-557","post","type-post","status-publish","format-standard","has-post-thumbnail","hentry","category-nacionales"],"_links":{"self":[{"href":"https:\/\/lametro989.com\/index.php?rest_route=\/wp\/v2\/posts\/557","targetHints":{"allow":["GET"]}}],"collection":[{"href":"https:\/\/lametro989.com\/index.php?rest_route=\/wp\/v2\/posts"}],"about":[{"href":"https:\/\/lametro989.com\/index.php?rest_route=\/wp\/v2\/types\/post"}],"author":[{"embeddable":true,"href":"https:\/\/lametro989.com\/index.php?rest_route=\/wp\/v2\/users\/2"}],"replies":[{"embeddable":true,"href":"https:\/\/lametro989.com\/index.php?rest_route=%2Fwp%2Fv2%2Fcomments&post=557"}],"version-history":[{"count":1,"href":"https:\/\/lametro989.com\/index.php?rest_route=\/wp\/v2\/posts\/557\/revisions"}],"predecessor-version":[{"id":559,"href":"https:\/\/lametro989.com\/index.php?rest_route=\/wp\/v2\/posts\/557\/revisions\/559"}],"wp:featuredmedia":[{"embeddable":true,"href":"https:\/\/lametro989.com\/index.php?rest_route=\/wp\/v2\/media\/558"}],"wp:attachment":[{"href":"https:\/\/lametro989.com\/index.php?rest_route=%2Fwp%2Fv2%2Fmedia&parent=557"}],"wp:term":[{"taxonomy":"category","embeddable":true,"href":"https:\/\/lametro989.com\/index.php?rest_route=%2Fwp%2Fv2%2Fcategories&post=557"},{"taxonomy":"post_tag","embeddable":true,"href":"https:\/\/lametro989.com\/index.php?rest_route=%2Fwp%2Fv2%2Ftags&post=557"}],"curies":[{"name":"wp","href":"https:\/\/api.w.org\/{rel}","templated":true}]}}