{"id":560,"date":"2023-06-29T13:28:29","date_gmt":"2023-06-29T16:28:29","guid":{"rendered":"https:\/\/lametro989.com\/?p=560"},"modified":"2023-06-29T13:28:29","modified_gmt":"2023-06-29T16:28:29","slug":"segundo-implicado-por-el-cuento-del-tio-a-una-mujer-de-76-anos-fue-detenido-en-corrientes","status":"publish","type":"post","link":"https:\/\/lametro989.com\/?p=560","title":{"rendered":"Segundo implicado por el &#8220;cuento del t\u00edo&#8221; a una mujer de 76 a\u00f1os fue detenido en Corrientes"},"content":{"rendered":"\n<p>El hecho hab\u00eda ocurrido en mayo en Resistencia,\u00a0otro c\u00f3mplice ya hab\u00eda sido aprehendido al intentar estafar a una mujer de 76 a\u00f1os. <\/p>\n\n\n\n<figure class=\"wp-block-image size-full\"><img loading=\"lazy\" decoding=\"async\" width=\"600\" height=\"478\" src=\"https:\/\/lametro989.com\/wp-content\/uploads\/2023\/06\/image-17.png\" alt=\"\" class=\"wp-image-561\" srcset=\"https:\/\/lametro989.com\/wp-content\/uploads\/2023\/06\/image-17.png 600w, https:\/\/lametro989.com\/wp-content\/uploads\/2023\/06\/image-17-300x239.png 300w\" sizes=\"auto, (max-width: 600px) 100vw, 600px\" \/><\/figure>\n\n\n\n<p>La Divisi\u00f3n Delitos Econ\u00f3micos y Leyes Especiales intervinieron en la aprehensi\u00f3n de un hombre de 45 a\u00f1os implicado en una estafa durante el mes de mayo en Resistencia. Lo hallaron en Corrientes y el veh\u00edculo usado para esa vez fue encontrado en la provincia de Jujuy.<\/p>\n\n\n\n<p><br>Luego de la detenci\u00f3n de un supuesto contador, quien se estaba llevando una caja con dinero de la mujer de 76, se inici\u00f3 una investigaci\u00f3n para dar con el c\u00f3mplice. Luego de las averiguaciones fue identificado y se alert\u00f3 a fuerzas policiales de otras provincias. Tambi\u00e9n se buscada un Volkswagen Gol Trend gris.<\/p>\n\n\n\n<p><br>La Agencia de Delitos Complejos del Ministerio de Seguridad de la provincia de Jujuy encontr\u00f3 el veh\u00edculo en el barrio San Pedrito, en la capital juje\u00f1a. El auto se encontraba a la venta por parte de un familiar del sospechoso.<\/p>\n\n\n\n<p>Por su parte, el sospechoso termin\u00f3 siendo interceptado por polic\u00eda de Corrientes en Ruta Nacional 14, antes de llegar a la provincia de Entre Rios. Manejaba un Renault Kwid.<\/p>\n\n\n\n<p>Finalmente, se realizaron las diligencias para que el Volkswagen Gol Trend y el sospechoso en cuesti\u00f3n sean derivados a la provincia del Chaco.<\/p>\n","protected":false},"excerpt":{"rendered":"<p>El hecho hab\u00eda ocurrido en mayo en Resistencia,\u00a0otro c\u00f3mplice ya hab\u00eda sido aprehendido al intentar estafar a una mujer de 76 a\u00f1os. La Divisi\u00f3n Delitos&hellip; <\/p>\n","protected":false},"author":2,"featured_media":561,"comment_status":"open","ping_status":"open","sticky":false,"template":"","format":"standard","meta":{"footnotes":""},"categories":[13],"tags":[],"class_list":["post-560","post","type-post","status-publish","format-standard","has-post-thumbnail","hentry","category-nacionales"],"_links":{"self":[{"href":"https:\/\/lametro989.com\/index.php?rest_route=\/wp\/v2\/posts\/560","targetHints":{"allow":["GET"]}}],"collection":[{"href":"https:\/\/lametro989.com\/index.php?rest_route=\/wp\/v2\/posts"}],"about":[{"href":"https:\/\/lametro989.com\/index.php?rest_route=\/wp\/v2\/types\/post"}],"author":[{"embeddable":true,"href":"https:\/\/lametro989.com\/index.php?rest_route=\/wp\/v2\/users\/2"}],"replies":[{"embeddable":true,"href":"https:\/\/lametro989.com\/index.php?rest_route=%2Fwp%2Fv2%2Fcomments&post=560"}],"version-history":[{"count":1,"href":"https:\/\/lametro989.com\/index.php?rest_route=\/wp\/v2\/posts\/560\/revisions"}],"predecessor-version":[{"id":562,"href":"https:\/\/lametro989.com\/index.php?rest_route=\/wp\/v2\/posts\/560\/revisions\/562"}],"wp:featuredmedia":[{"embeddable":true,"href":"https:\/\/lametro989.com\/index.php?rest_route=\/wp\/v2\/media\/561"}],"wp:attachment":[{"href":"https:\/\/lametro989.com\/index.php?rest_route=%2Fwp%2Fv2%2Fmedia&parent=560"}],"wp:term":[{"taxonomy":"category","embeddable":true,"href":"https:\/\/lametro989.com\/index.php?rest_route=%2Fwp%2Fv2%2Fcategories&post=560"},{"taxonomy":"post_tag","embeddable":true,"href":"https:\/\/lametro989.com\/index.php?rest_route=%2Fwp%2Fv2%2Ftags&post=560"}],"curies":[{"name":"wp","href":"https:\/\/api.w.org\/{rel}","templated":true}]}}