{"id":563,"date":"2023-06-30T07:25:53","date_gmt":"2023-06-30T10:25:53","guid":{"rendered":"https:\/\/lametro989.com\/?p=563"},"modified":"2023-06-30T07:25:53","modified_gmt":"2023-06-30T10:25:53","slug":"confirmaron-las-prisiones-preventivas-para-todos-los-imputados-por-el-femicidio-de-cecilia-strzyzowski","status":"publish","type":"post","link":"https:\/\/lametro989.com\/?p=563","title":{"rendered":"Confirmaron las prisiones preventivas para todos los imputados por el femicidio de Cecilia Strzyzowski"},"content":{"rendered":"\n<p>Tal como lo anticip\u00f3 la Procuraci\u00f3n General, los 7 sospechosos seguir\u00e1n detenidos. Diario Chaco accedi\u00f3 al expediente de 175 p\u00e1ginas en el que se reconstruye el hecho.\u00a0<\/p>\n\n\n\n<figure class=\"wp-block-image size-full\"><img loading=\"lazy\" decoding=\"async\" width=\"850\" height=\"507\" src=\"https:\/\/lametro989.com\/wp-content\/uploads\/2023\/06\/image-18.png\" alt=\"\" class=\"wp-image-564\" srcset=\"https:\/\/lametro989.com\/wp-content\/uploads\/2023\/06\/image-18.png 850w, https:\/\/lametro989.com\/wp-content\/uploads\/2023\/06\/image-18-300x179.png 300w, https:\/\/lametro989.com\/wp-content\/uploads\/2023\/06\/image-18-768x458.png 768w\" sizes=\"auto, (max-width: 850px) 100vw, 850px\" \/><\/figure>\n\n\n\n<p>A menos de 24 horas de que los siete detenidos e imputados por la desaparici\u00f3n y presunto femicidio de Cecilia Strzyzowski sean trasladados a Fiscal\u00eda para conocer las<strong>&nbsp;casi 200 pruebas en su contra,<\/strong>&nbsp;el Equipo Fiscal Especial (EFE) convoc\u00f3 a una conferencia de prensa, junto a procurador adjunto&nbsp;<strong>Miguel Fonteina<\/strong>, para confirmar la&nbsp;<strong>prisi\u00f3n preventiva de todos los involucrados<\/strong>. Algo que ya hab\u00edan anticipado la semana pasada.<\/p>\n\n\n\n<p>Jorge C\u00e1ceres Olivera, Jorge G\u00f3mez y Nelia Vel\u00e1zquez, miembros del EFE, comenzaron la conferencia de prensa pasada las 20 horas y explicaron que el delito de &#8220;encubrimiento agravado&#8221; es un delito excarcelable pero que &#8220;<strong>ante la gravedad del hecho, del entorpecimiento de la investigaci\u00f3n y de las maniobras para eliminar rastros probatorios, que no es procedente la libertad de los mismos&#8221;.&nbsp;<\/strong><\/p>\n\n\n\n<p>El primero en hacer una reconstrucci\u00f3n de lo ocurrido el 2 de junio fue G\u00f3mez quien indic\u00f3: &#8220;<strong>Cecilia ingres\u00f3 a esa casa a las 9.16 y no sali\u00f3 por sus propios medios. Ella cre\u00eda que iba a viajar a Ushuaia y se despidi\u00f3 de su familia, les cont\u00f3 que ten\u00eda miedo de viajar en avi\u00f3n<\/strong>. Su \u00faltima b\u00fasqueda fue c\u00f3mo armar la valija, qu\u00e9 se puede llevar, d\u00f3nde comprar chocolate en Buenos Aires y d\u00f3nde tomar el mejor caf\u00e9.&nbsp;<strong>Ella, no solo cre\u00eda en esa historia del viaje, sino que estaba ilusionada<\/strong>&nbsp;. Pero nunca se compraron los pasajes&#8221;.<\/p>\n\n\n\n<p>Birds Take Flight<\/p>\n\n\n\n<p>0:09 \/ 1:00<\/p>\n\n\n\n<p>Ese viernes 2 de junio, continu\u00f3 el fiscal, a las 18 horas de la casa ubicada en Santa Mar\u00eda de Oro al 1460 &#8220;salieron con bolsas de residuo en una actitud muy sospechosa&#8221; y a\u00f1adi\u00f3: &#8220;Debajo de esa bolsa de residuo estar\u00eda el cuerpo de envuelto en una frazada de color marr\u00f3n&#8221;.Play<\/p>\n\n\n\n<p>&nbsp;&#8220;En el campo de la familia Sena, en lo que se llamaba chancher\u00eda, en un lugar determinado hubo una quemaz\u00f3n, donde se encontraron restos \u00f3seos que son de persona humana. En el r\u00edo Tragadero tambi\u00e9n se encontraron restos de persona adulta y que corresponden a una \u00fanica persona. No son solamente huesos de la mano y los pies, sino tambi\u00e9n&nbsp;<strong>restos de cr\u00e1neo<\/strong>&nbsp;&#8220;, a\u00f1adi\u00f3 G\u00f3mez sobre pruebas claves que lograron recolectar.<\/p>\n\n\n\n<p><strong>Miguel Fonteina<\/strong>&nbsp;declar\u00f3 durante la conferencia de prensa que&#8221;<strong>este hecho macabro, como lo se\u00f1al\u00f3 el doctor G\u00f3mez, marca un antes y un despu\u00e9s en Chaco, porque ustedes est\u00e1n tan asombrados como nosotros para, primero, hacer desaparecer a Cecilia<\/strong>, de lo macabro que fue este hecho para hacer desaparecer las pruebas y de lo macabro que fue con la aparici\u00f3n de numerosos actores que pretendieron desviar la investigaci\u00f3n, es por eso que marca un antes y un despu\u00e9s&#8221;.&nbsp;<ins><\/ins><\/p>\n\n\n\n<figure class=\"wp-block-image\"><img decoding=\"async\" src=\"https:\/\/www.diariochaco.com\/content\/bucket\/6\/578696w790h575c.jpg.webp\" alt=\"\"\/><\/figure>\n\n\n\n<p>A&nbsp;<strong>C\u00e9sar Sena<\/strong>&nbsp;le imputaron el delito de homicidio triplemente agravado por el v\u00ednculo, y concurso premeditado de dos o m\u00e1s personas en un contexto de violencia de g\u00e9nero (femicidio), mientras que a sus padres,&nbsp;<strong>Emerenciano Sena<\/strong>&nbsp;y&nbsp;<strong>Marcela Acu\u00f1a<\/strong>, homicidio agravado por el concurso de dos o m\u00e1s personas.<\/p>\n\n\n\n<p>La defensa de quien fue la pareja de Cecilia,&nbsp;<strong>Ricardo Osuna<\/strong>, anticip\u00f3 que apelar\u00e1 lo resuelto por los fiscales, mientras que&nbsp;<strong>Juan Carlos Saife<\/strong>, abogado del matrimonio de dirigentes sociales, indic\u00f3 que primero leer\u00e1 la resoluci\u00f3n y luego resolver\u00e1 qu\u00e9 hacer. Se cree que ir\u00e1 en oposici\u00f3n ante el Juez de Garant\u00edas.<\/p>\n\n\n\n<figure class=\"wp-block-image\"><img decoding=\"async\" src=\"https:\/\/www.diariochaco.com\/content\/bucket\/1\/578841w790h1053c.jpg.webp\" alt=\"\"\/><\/figure>\n\n\n\n<p>En cuanto a los colaboradores de los Sena;&nbsp;<strong>Gustavo Obreg\u00f3n<\/strong>&nbsp;y su esposa&nbsp;<strong>Fabiana Gonz\u00e1lez<\/strong>, junto al casero Gustavo Melgarejo y Griselda Reinoso todos ellos est\u00e1n imputados de &#8220;encubrimiento agravado&#8221;.<\/p>\n\n\n\n<figure class=\"wp-block-image\"><img decoding=\"async\" src=\"https:\/\/www.diariochaco.com\/content\/bucket\/3\/578763w790h538c.jpg.webp\" alt=\"\"\/><\/figure>\n\n\n\n<h3 class=\"wp-block-heading\">\u00bfQU\u00c9 PAS\u00d3 EL VIERNES 2 DE JUNIO?<\/h3>\n\n\n\n<p>Para los fiscales que llevan adelante la investigaci\u00f3n, a Cecilia la mataron en la casa de la familia Sena, en Santa Mar\u00eda de Oro 1.465, el viernes en que la joven ingres\u00f3 a ese domicilio y nunca m\u00e1s se la vio salir. &#8220;La mataron entre las 12 y 13 horas&#8221;, cree el Equipo Fiscal Especial y sostiene que podr\u00eda haberse tratado de un crimen premeditado por una &#8220;situaci\u00f3n econ\u00f3mica&#8221;.<\/p>\n\n\n\n<figure class=\"wp-block-image\"><img decoding=\"async\" src=\"https:\/\/www.diariochaco.com\/content\/bucket\/2\/578832w790h593c.jpg.webp\" alt=\"\"\/><figcaption class=\"wp-element-caption\">En orden: Fabiana Gonz\u00e1lez, Marcela Acu\u00f1a, Emerenciano Sena y Gustavo Obreg\u00f3n<\/figcaption><\/figure>\n\n\n\n<h3 class=\"wp-block-heading\">\u00bfQUI\u00c9N LA MAT\u00d3?<\/h3>\n\n\n\n<p>El fiscal Jorge C\u00e1ceres Olivera indic\u00f3 que no se podr\u00e1 saber qui\u00e9n le dio muerte a la joven de 28 a\u00f1os &#8220;pero s\u00ed \u2013habr\u00e1- una reconstrucci\u00f3n lo m\u00e1s precisa y certera&#8221;. &#8220;Tenemos entendido que hubo una premeditaci\u00f3n entre los padres de C\u00e9sar Sena, conjuntamente con C\u00e9sar, para dar muerte a Cecilia. Si bien el c\u00f3mo muri\u00f3 Cecilia no ha sido determinado, esper\u00e1bamos que el equipo de antrop\u00f3logos nos d\u00e9 una pista pero no se ha podido establecer esa informaci\u00f3n&#8221;, concluy\u00f3 al respecto.&nbsp;<\/p>\n","protected":false},"excerpt":{"rendered":"<p>Tal como lo anticip\u00f3 la Procuraci\u00f3n General, los 7 sospechosos seguir\u00e1n detenidos. Diario Chaco accedi\u00f3 al expediente de 175 p\u00e1ginas en el que se reconstruye&hellip; <\/p>\n","protected":false},"author":2,"featured_media":564,"comment_status":"open","ping_status":"open","sticky":false,"template":"","format":"standard","meta":{"footnotes":""},"categories":[9,2],"tags":[],"class_list":["post-563","post","type-post","status-publish","format-standard","has-post-thumbnail","hentry","category-destacadas","category-provinciales"],"_links":{"self":[{"href":"https:\/\/lametro989.com\/index.php?rest_route=\/wp\/v2\/posts\/563","targetHints":{"allow":["GET"]}}],"collection":[{"href":"https:\/\/lametro989.com\/index.php?rest_route=\/wp\/v2\/posts"}],"about":[{"href":"https:\/\/lametro989.com\/index.php?rest_route=\/wp\/v2\/types\/post"}],"author":[{"embeddable":true,"href":"https:\/\/lametro989.com\/index.php?rest_route=\/wp\/v2\/users\/2"}],"replies":[{"embeddable":true,"href":"https:\/\/lametro989.com\/index.php?rest_route=%2Fwp%2Fv2%2Fcomments&post=563"}],"version-history":[{"count":1,"href":"https:\/\/lametro989.com\/index.php?rest_route=\/wp\/v2\/posts\/563\/revisions"}],"predecessor-version":[{"id":565,"href":"https:\/\/lametro989.com\/index.php?rest_route=\/wp\/v2\/posts\/563\/revisions\/565"}],"wp:featuredmedia":[{"embeddable":true,"href":"https:\/\/lametro989.com\/index.php?rest_route=\/wp\/v2\/media\/564"}],"wp:attachment":[{"href":"https:\/\/lametro989.com\/index.php?rest_route=%2Fwp%2Fv2%2Fmedia&parent=563"}],"wp:term":[{"taxonomy":"category","embeddable":true,"href":"https:\/\/lametro989.com\/index.php?rest_route=%2Fwp%2Fv2%2Fcategories&post=563"},{"taxonomy":"post_tag","embeddable":true,"href":"https:\/\/lametro989.com\/index.php?rest_route=%2Fwp%2Fv2%2Ftags&post=563"}],"curies":[{"name":"wp","href":"https:\/\/api.w.org\/{rel}","templated":true}]}}