{"id":566,"date":"2023-06-30T07:27:37","date_gmt":"2023-06-30T10:27:37","guid":{"rendered":"https:\/\/lametro989.com\/?p=566"},"modified":"2023-06-30T07:27:37","modified_gmt":"2023-06-30T10:27:37","slug":"larreta-en-chaco-aseguro-que-hara-de-argentina-un-pais-federal-y-remarco-la-unidad-en-jxc","status":"publish","type":"post","link":"https:\/\/lametro989.com\/?p=566","title":{"rendered":"Larreta en Chaco, asegur\u00f3 que har\u00e1 de Argentina &#8220;un pa\u00eds federal&#8221; y remarc\u00f3 la unidad en JxC"},"content":{"rendered":"\n<p>El precandidato a presidente de JxC lleg\u00f3 a Chaco y se mostr\u00f3 junto al candidato a Gobernador, Leandro Zdero. Habl\u00f3 de diversos temas relacionados a la campa\u00f1a y le baj\u00f3 el tono a la interna con Bullrich. <\/p>\n\n\n\n<figure class=\"wp-block-image\"><img decoding=\"async\" src=\"blob:https:\/\/lametro989.com\/232c9a85-d206-4a58-b2f2-ff42b0e2ef0c\" alt=\"\"\/><\/figure>\n\n\n\n<p>Este jueves por la tarde, el jefe de Gobierno porte\u00f1o y precandidato a presidente por Juntos por el Cambio,&nbsp;<strong>Horacio Rodr\u00edguez Larreta, lleg\u00f3 a Chaco y brind\u00f3 una conferencia de prensa<\/strong>&nbsp;junto al candidato a gobernador por JxC, Leandro Zdero.<\/p>\n\n\n\n<p>El precandidato a presidente habl\u00f3 de diversos temas relacionados a sus ejes de campa\u00f1a tanto a nivel nacional como en Chaco,<strong>&nbsp;mientras que tambi\u00e9n se refiri\u00f3 a la interna que atraviesa con Patricia Bullrich.<\/strong><\/p>\n\n\n\n<p>&#8220;<strong>Vine a acompa\u00f1ar a Leandro Zdero que estoy seguro ser\u00e1 el pr\u00f3ximo gobernador de la provincia y yo como presidente vamos a trabajar codo a codo&#8221;<\/strong>, expres\u00f3 Larreta y a\u00f1adi\u00f3: &#8220;Vamos a trabajar para que Chaco sea el motor de la recuperaci\u00f3n del pa\u00eds&#8221;.<\/p>\n\n\n\n<p>Asimismo, al ser consultado sobre la interna que atraviesa con la otra precandidata de Juntos por el Cambio, Patricia Bullrich, intent\u00f3 calmar las aguas y dijo: &#8220;<strong>Hay un consenso con todos los miembros de Juntos por el Cambio,<\/strong>&nbsp;es la primera vez que con el peronismo en el gobierno la oposici\u00f3n se ha mantenido unida&#8221;.<\/p>\n\n\n\n<p>&#8220;Nunca hab\u00eda pasado en la historia y esa unidad se va a mantener,&nbsp;<strong>yo defiendo la unidad a rajatabla, tanto la defiendo que nunca me vas a escuchar a mi agraviando a ning\u00fan miembro de JxC<\/strong>&#8220;, asegur\u00f3 el jefe de gobierno porte\u00f1o.<\/p>\n\n\n\n<p>Como eje de su campa\u00f1a Rodr\u00edguez Larreta remarc\u00f3 que har\u00e1 de Argentina<strong>&nbsp;&#8220;un pa\u00eds Federal, como lo dice la Constituci\u00f3n como como son\u00f3 Alberdi&#8221;.<\/strong><ins><\/ins><\/p>\n\n\n\n<p>&#8220;Despu\u00e9s de muchos a\u00f1os liderando el peronismo, Argentina es un pa\u00eds unitario. Argentina va a volver a ser federal&#8221;, asegur\u00f3.<\/p>\n\n\n\n<p>Tambi\u00e9n hizo hincapi\u00e9 en la coparticipaci\u00f3n y afirm\u00f3 que cumplir\u00e1 con &#8220;la reforma constitucional que dice el replanteo de la ley de coparticipaci\u00f3n&#8221;. &#8220;<strong>Es el coraz\u00f3n de la distribuci\u00f3n de los recursos&#8221;, asegur\u00f3.<\/strong><\/p>\n\n\n\n<p>Durante la conferencia de prensa, el precandidato presidente por JxC tambi\u00e9n apunt\u00f3 contra el gobierno provincial y se refiri\u00f3 a el ministro de Econom\u00eda, Sergio Massa como candidato. &#8220;<strong>El Gobernador de esta provincia ha sido funcionario de alto rango y c\u00f3mplice del gobierno que destruyo este pa\u00eds&#8221;,<\/strong>&nbsp;arremeti\u00f3 contra el gobernador, Jorge Capitanich quien fue jefe de Gabinete de la Naci\u00f3n.<\/p>\n\n\n\n<p>Sobre la f\u00f3rmula presidencial presentada por Unidos por la Patria, encabezada por Sergio Massa: &#8220;<strong>Massa es el kirchnerismo, Massa es la reelecci\u00f3n de Alberto, Massa es la reelecci\u00f3n de la inflaci\u00f3n, de la inseguridad. Yo represento todo lo contrario&#8221;.<\/strong>&nbsp;&#8220;Yo del kirchnerismo siempre estoy enfrente&#8221;, a\u00f1adi\u00f3.<\/p>\n\n\n\n<p>Para cerrar Rodr\u00edguez Larreta recalc\u00f3 que trabajar\u00e1 en una &#8220;Argentina federal&#8221; y recalc\u00f3 que para &#8220;sacar el pa\u00eds&#8221; trabajar\u00e1 en equipo: &#8220;Tanto en la provincia del Chaco como en Argentina vamos a trabajar en equipo&#8221;.<strong>&nbsp;&#8220;Leandro cuando sea gobernador y yo presidente vamos trabajar codo a codo&#8221;, finaliz\u00f3.<\/strong><\/p>\n","protected":false},"excerpt":{"rendered":"<p>El precandidato a presidente de JxC lleg\u00f3 a Chaco y se mostr\u00f3 junto al candidato a Gobernador, Leandro Zdero. Habl\u00f3 de diversos temas relacionados a&hellip; <\/p>\n","protected":false},"author":2,"featured_media":567,"comment_status":"open","ping_status":"open","sticky":false,"template":"","format":"standard","meta":{"footnotes":""},"categories":[13,5],"tags":[],"class_list":["post-566","post","type-post","status-publish","format-standard","has-post-thumbnail","hentry","category-nacionales","category-politica"],"_links":{"self":[{"href":"https:\/\/lametro989.com\/index.php?rest_route=\/wp\/v2\/posts\/566","targetHints":{"allow":["GET"]}}],"collection":[{"href":"https:\/\/lametro989.com\/index.php?rest_route=\/wp\/v2\/posts"}],"about":[{"href":"https:\/\/lametro989.com\/index.php?rest_route=\/wp\/v2\/types\/post"}],"author":[{"embeddable":true,"href":"https:\/\/lametro989.com\/index.php?rest_route=\/wp\/v2\/users\/2"}],"replies":[{"embeddable":true,"href":"https:\/\/lametro989.com\/index.php?rest_route=%2Fwp%2Fv2%2Fcomments&post=566"}],"version-history":[{"count":1,"href":"https:\/\/lametro989.com\/index.php?rest_route=\/wp\/v2\/posts\/566\/revisions"}],"predecessor-version":[{"id":568,"href":"https:\/\/lametro989.com\/index.php?rest_route=\/wp\/v2\/posts\/566\/revisions\/568"}],"wp:featuredmedia":[{"embeddable":true,"href":"https:\/\/lametro989.com\/index.php?rest_route=\/wp\/v2\/media\/567"}],"wp:attachment":[{"href":"https:\/\/lametro989.com\/index.php?rest_route=%2Fwp%2Fv2%2Fmedia&parent=566"}],"wp:term":[{"taxonomy":"category","embeddable":true,"href":"https:\/\/lametro989.com\/index.php?rest_route=%2Fwp%2Fv2%2Fcategories&post=566"},{"taxonomy":"post_tag","embeddable":true,"href":"https:\/\/lametro989.com\/index.php?rest_route=%2Fwp%2Fv2%2Ftags&post=566"}],"curies":[{"name":"wp","href":"https:\/\/api.w.org\/{rel}","templated":true}]}}