{"id":569,"date":"2023-06-30T19:59:25","date_gmt":"2023-06-30T22:59:25","guid":{"rendered":"https:\/\/lametro989.com\/?p=569"},"modified":"2023-06-30T19:59:25","modified_gmt":"2023-06-30T22:59:25","slug":"se-realizara-la-expo-pesca-2023-en-resistencia","status":"publish","type":"post","link":"https:\/\/lametro989.com\/?p=569","title":{"rendered":"Se realizar\u00e1 la Expo Pesca 2023 en Resistencia"},"content":{"rendered":"\n<p>La actividad tendr\u00e1 lugar del 13 al 15 de julio en el local comercial de Amazona Fishing (Santiago del Estero 444).<\/p>\n\n\n\n<figure class=\"wp-block-image size-large\"><img loading=\"lazy\" decoding=\"async\" width=\"1024\" height=\"768\" src=\"https:\/\/lametro989.com\/wp-content\/uploads\/2023\/06\/imagen-36-1024x768.png\" alt=\"\" class=\"wp-image-570\" srcset=\"https:\/\/lametro989.com\/wp-content\/uploads\/2023\/06\/imagen-36-1024x768.png 1024w, https:\/\/lametro989.com\/wp-content\/uploads\/2023\/06\/imagen-36-300x225.png 300w, https:\/\/lametro989.com\/wp-content\/uploads\/2023\/06\/imagen-36-768x576.png 768w, https:\/\/lametro989.com\/wp-content\/uploads\/2023\/06\/imagen-36.png 1288w\" sizes=\"auto, (max-width: 1024px) 100vw, 1024px\" \/><\/figure>\n\n\n\n<p>Hoy, se realiz\u00f3 el lanzamiento de la Expo Pesca 2023, que se llevar\u00e1 a cabo del 13 al 15 de julio, de 9 a 13 y de 17 a 21, en el local comercial de Amazona Fishing, ubicado en la calle Santiago del Estero 444 de Resistencia.<\/p>\n\n\n\n<p>En esta ocasi\u00f3n, Andr\u00e9s Tomasone de la empresa organizadora, Amazona Fishing, expres\u00f3: \u201cLa pesca es el ADN de nuestra zona del litoral, estamos conectados con el r\u00edo\u201d. \u201cLo mejor que tiene la pesca es que uno va al r\u00edo a desconectarse, sea r\u00edo, laguna, riacho, o donde uno tenga la posibilidad\u201d, destac\u00f3.&nbsp;<\/p>\n\n\n\n<p>En cuanto al evento, el organizador asegur\u00f3 que \u201ces una actividad para todas las edades\u201d. \u201cSiempre va mucha gente y queremos, el d\u00eda s\u00e1bado, cerrar la actividad con un festival\u201d, cont\u00f3.&nbsp;<\/p>\n\n\n\n<p>\u201cNos gusta mucho sumar el p\u00fablico de los m\u00e1s chicos y de los adolescentes, porque son el futuro de la pesca\u201d, remarc\u00f3 Tomasone y destac\u00f3 \u201cla posibilidad de ense\u00f1arles de la pesca deportiva, pescar y devolver, no matarlos\u201d.&nbsp;<\/p>\n\n\n\n<p>Por su parte, Alejandro Valenzuela, en representaci\u00f3n del Nuevo Banco del Chaco, agradeci\u00f3 \u201cla participaci\u00f3n y poder estar a trav\u00e9s de una promoci\u00f3n especial en la Expo Pesca\u201d. En esta ocasi\u00f3n, se trata de la posibilidad de compra con Tarjeta Tuya en \u201c4 cuotas sin inter\u00e9s y 10% de descuento, que va a ofrecer el comercio en su l\u00ednea de cajas para los productos de pesca\u201d.&nbsp;<\/p>\n\n\n\n<p>En este sentido, destac\u00f3 \u201cpoder estar como marca Tuya en los eventos que organiza la C\u00e1mara de Comercio o el comercio particular\u201d. \u201cInvitamos a los usuarios a participar y aprovechar los beneficios de Tarjeta Tuya\u201d, expres\u00f3.&nbsp;<\/p>\n","protected":false},"excerpt":{"rendered":"<p>La actividad tendr\u00e1 lugar del 13 al 15 de julio en el local comercial de Amazona Fishing (Santiago del Estero 444). Hoy, se realiz\u00f3 el&hellip; <\/p>\n","protected":false},"author":2,"featured_media":570,"comment_status":"open","ping_status":"open","sticky":false,"template":"","format":"standard","meta":{"footnotes":""},"categories":[2],"tags":[],"class_list":["post-569","post","type-post","status-publish","format-standard","has-post-thumbnail","hentry","category-provinciales"],"_links":{"self":[{"href":"https:\/\/lametro989.com\/index.php?rest_route=\/wp\/v2\/posts\/569","targetHints":{"allow":["GET"]}}],"collection":[{"href":"https:\/\/lametro989.com\/index.php?rest_route=\/wp\/v2\/posts"}],"about":[{"href":"https:\/\/lametro989.com\/index.php?rest_route=\/wp\/v2\/types\/post"}],"author":[{"embeddable":true,"href":"https:\/\/lametro989.com\/index.php?rest_route=\/wp\/v2\/users\/2"}],"replies":[{"embeddable":true,"href":"https:\/\/lametro989.com\/index.php?rest_route=%2Fwp%2Fv2%2Fcomments&post=569"}],"version-history":[{"count":1,"href":"https:\/\/lametro989.com\/index.php?rest_route=\/wp\/v2\/posts\/569\/revisions"}],"predecessor-version":[{"id":571,"href":"https:\/\/lametro989.com\/index.php?rest_route=\/wp\/v2\/posts\/569\/revisions\/571"}],"wp:featuredmedia":[{"embeddable":true,"href":"https:\/\/lametro989.com\/index.php?rest_route=\/wp\/v2\/media\/570"}],"wp:attachment":[{"href":"https:\/\/lametro989.com\/index.php?rest_route=%2Fwp%2Fv2%2Fmedia&parent=569"}],"wp:term":[{"taxonomy":"category","embeddable":true,"href":"https:\/\/lametro989.com\/index.php?rest_route=%2Fwp%2Fv2%2Fcategories&post=569"},{"taxonomy":"post_tag","embeddable":true,"href":"https:\/\/lametro989.com\/index.php?rest_route=%2Fwp%2Fv2%2Ftags&post=569"}],"curies":[{"name":"wp","href":"https:\/\/api.w.org\/{rel}","templated":true}]}}