{"id":575,"date":"2023-06-30T20:17:05","date_gmt":"2023-06-30T23:17:05","guid":{"rendered":"https:\/\/lametro989.com\/?p=575"},"modified":"2023-06-30T20:17:05","modified_gmt":"2023-06-30T23:17:05","slug":"un-jurado-popular-declaro-culpable-a-una-persona-imputada-por-dos-hechos-de-abuso-sexual","status":"publish","type":"post","link":"https:\/\/lametro989.com\/?p=575","title":{"rendered":"Un jurado popular declar\u00f3 culpable a una persona imputada por dos hechos de abuso sexual"},"content":{"rendered":"\n<p>El juicio cont\u00f3 con la participaci\u00f3n de la jueza t\u00e9cnica a la camarista Dolly Fern\u00e1ndez. Adem\u00e1s, intervinieron el fiscal de C\u00e1mara Juan Mart\u00edn Bogado, el abogado defensor Am\u00edlcar Aguirre y como querellante la defensora oficial N\u00ba 5 Daniela Acosta Calvo.\u00a0<\/p>\n\n\n\n<figure class=\"wp-block-image size-large\"><img loading=\"lazy\" decoding=\"async\" width=\"1024\" height=\"576\" src=\"https:\/\/lametro989.com\/wp-content\/uploads\/2023\/06\/imagen-38-1024x576.png\" alt=\"\" class=\"wp-image-576\" srcset=\"https:\/\/lametro989.com\/wp-content\/uploads\/2023\/06\/imagen-38-1024x576.png 1024w, https:\/\/lametro989.com\/wp-content\/uploads\/2023\/06\/imagen-38-300x169.png 300w, https:\/\/lametro989.com\/wp-content\/uploads\/2023\/06\/imagen-38-768x432.png 768w, https:\/\/lametro989.com\/wp-content\/uploads\/2023\/06\/imagen-38.png 1366w\" sizes=\"auto, (max-width: 1024px) 100vw, 1024px\" \/><\/figure>\n\n\n\n<p>Un jurado popular declar\u00f3 culpable por dos hechos de abuso sexual con acceso carnal agravado por la situaci\u00f3n de convivencia preexistente, con dos menores de edad, a la persona imputada en el expediente 24.729\/2020-1.<\/p>\n\n\n\n<p>Fue al final del cuarto d\u00eda de audiencias del juicio por jurados que tuvo como jueza t\u00e9cnica a la camarista Dolly Fern\u00e1ndez. Adem\u00e1s, intervinieron el fiscal de C\u00e1mara Juan Mart\u00edn Bogado, el abogado defensor Am\u00edlcar Aguirre y como querellante la defensora oficial N\u00ba 5 Daniela Acosta Calvo.<\/p>\n\n\n\n<p>Debido a las caracter\u00edsticas de la causa no se brindan mayores detalles sobre los hechos analizados en el juicio, ni tampoco identidades de imputado y v\u00edctimas.<\/p>\n","protected":false},"excerpt":{"rendered":"<p>El juicio cont\u00f3 con la participaci\u00f3n de la jueza t\u00e9cnica a la camarista Dolly Fern\u00e1ndez. Adem\u00e1s, intervinieron el fiscal de C\u00e1mara Juan Mart\u00edn Bogado, el&hellip; <\/p>\n","protected":false},"author":2,"featured_media":576,"comment_status":"open","ping_status":"open","sticky":false,"template":"","format":"standard","meta":{"footnotes":""},"categories":[9,2],"tags":[],"class_list":["post-575","post","type-post","status-publish","format-standard","has-post-thumbnail","hentry","category-destacadas","category-provinciales"],"_links":{"self":[{"href":"https:\/\/lametro989.com\/index.php?rest_route=\/wp\/v2\/posts\/575","targetHints":{"allow":["GET"]}}],"collection":[{"href":"https:\/\/lametro989.com\/index.php?rest_route=\/wp\/v2\/posts"}],"about":[{"href":"https:\/\/lametro989.com\/index.php?rest_route=\/wp\/v2\/types\/post"}],"author":[{"embeddable":true,"href":"https:\/\/lametro989.com\/index.php?rest_route=\/wp\/v2\/users\/2"}],"replies":[{"embeddable":true,"href":"https:\/\/lametro989.com\/index.php?rest_route=%2Fwp%2Fv2%2Fcomments&post=575"}],"version-history":[{"count":1,"href":"https:\/\/lametro989.com\/index.php?rest_route=\/wp\/v2\/posts\/575\/revisions"}],"predecessor-version":[{"id":577,"href":"https:\/\/lametro989.com\/index.php?rest_route=\/wp\/v2\/posts\/575\/revisions\/577"}],"wp:featuredmedia":[{"embeddable":true,"href":"https:\/\/lametro989.com\/index.php?rest_route=\/wp\/v2\/media\/576"}],"wp:attachment":[{"href":"https:\/\/lametro989.com\/index.php?rest_route=%2Fwp%2Fv2%2Fmedia&parent=575"}],"wp:term":[{"taxonomy":"category","embeddable":true,"href":"https:\/\/lametro989.com\/index.php?rest_route=%2Fwp%2Fv2%2Fcategories&post=575"},{"taxonomy":"post_tag","embeddable":true,"href":"https:\/\/lametro989.com\/index.php?rest_route=%2Fwp%2Fv2%2Ftags&post=575"}],"curies":[{"name":"wp","href":"https:\/\/api.w.org\/{rel}","templated":true}]}}