{"id":578,"date":"2023-06-30T20:23:44","date_gmt":"2023-06-30T23:23:44","guid":{"rendered":"https:\/\/lametro989.com\/?p=578"},"modified":"2023-06-30T20:23:44","modified_gmt":"2023-06-30T23:23:44","slug":"femicidio-de-cecilia-emerenciano-declaro-que-dormia-la-siesta-a-la-hora-que-se-cree-fue-el-crimen","status":"publish","type":"post","link":"https:\/\/lametro989.com\/?p=578","title":{"rendered":"Femicidio de Cecilia: Emerenciano declar\u00f3 que \u201cdorm\u00eda la siesta\u201d a la hora que se cree fue el crimen"},"content":{"rendered":"\n<p>No dijo mucho pero lo que expres\u00f3 no result\u00f3 cre\u00edble para los fiscales. Emerenciano Sena acusado de ser el coautor del femicidio de Cecilia Strzyzowski junto con su hijo C\u00e9sar y su mujer Marcela Acu\u00f1a, expres\u00f3 que en el horario que los fiscales estiman que se perpetr\u00f3 el crimen, dorm\u00eda la siesta.<\/p>\n\n\n\n<figure class=\"wp-block-image size-full\"><img loading=\"lazy\" decoding=\"async\" width=\"696\" height=\"391\" src=\"https:\/\/lametro989.com\/wp-content\/uploads\/2023\/06\/imagen-39.png\" alt=\"\" class=\"wp-image-579\" srcset=\"https:\/\/lametro989.com\/wp-content\/uploads\/2023\/06\/imagen-39.png 696w, https:\/\/lametro989.com\/wp-content\/uploads\/2023\/06\/imagen-39-300x169.png 300w\" sizes=\"auto, (max-width: 696px) 100vw, 696px\" \/><\/figure>\n\n\n\n<p>Los fiscales plantearon la hip\u00f3tesis de que el crimen se habr\u00eda producido entre las 12.13 y las 13.01 del 2 de junio, es decir, el mismo d\u00eda en que la joven fue vista por \u00faltima vez en la casa del matrimonio Sena.<\/p>\n\n\n\n<p>Si bien todos los horarios relatados fueron constatados por los fiscales, como as\u00ed tambi\u00e9n los lugares visitados debido a las testimoniales que brindaron testigos, los investigadores sostienen que hubo mentiras respecto al rol que todos cumplieron en el domicilio de Santa Mar\u00eda de Oro al 1.460, durante las horas posteriores al asesinato de la joven de 28 a\u00f1os. <\/p>\n\n\n\n<p>El relato de Emerenciano dice: \u201cEl d\u00eda 02 de junio del 2023, a las 8:05, 8:10 de la ma\u00f1ana aproximadamente, sal\u00ed de mi casa que tiene un port\u00f3n grande corredizo y anexado. Ah\u00ed tiene una escalera que sube a la izquierda de la casa, a la parte de arriba, que es una casa totalmente independiente a la parte de abajo que es donde yo vivo. Ese d\u00eda y a esa hora, sal\u00ed con mi camioneta y me fui a la obra que est\u00e1 en construcci\u00f3n, y que se encuentra en el barrio Emerenciano, en la Avenida San Mart\u00edn al 3.300\u201d.<\/p>\n\n\n\n<blockquote class=\"wp-block-quote is-layout-flow wp-block-quote-is-layout-flow\">\n<p>Habr\u00e9 llegado a mi casa aproximadamente a las 12:10, no recuerdo bien pero no habr\u00e1 sido muy tarde\u201d, relat\u00f3 luego Sena. \u201cIngreso a mi casa, a la parte de arriba, tomo un poco de agua por el tema de mi az\u00facar y espero a mi se\u00f1ora que suba porque hab\u00eda quedado debajo de la casa. Cuando sube, nos acostamos a dormir la siesta. Nos habremos levantado a las 16 aproximadamente. Me lav\u00e9 la cara, me vest\u00ed y salimos\u201d, indica por el rango horario que establecieron los fiscales e indica que se retir\u00f3 de su casa para volver al barrio.<\/p>\n<\/blockquote>\n\n\n\n<p>Por \u00faltimo, dijo: \u201cYo quiero dejar en claro que nadie me avis\u00f3 nada. Nadie me dijo nada de todo esto. Yo no sab\u00eda absolutamente nada de todo esto, de lo que sucedi\u00f3, que estoy seguro que es un hecho terriblemente aberrante, pero yo nunca ni tuve idea que pod\u00eda pasar esto. Soy absolutamente inocente de todo esto, y lo digo con todo respeto\u201d.<\/p>\n","protected":false},"excerpt":{"rendered":"<p>No dijo mucho pero lo que expres\u00f3 no result\u00f3 cre\u00edble para los fiscales. Emerenciano Sena acusado de ser el coautor del femicidio de Cecilia Strzyzowski&hellip; <\/p>\n","protected":false},"author":2,"featured_media":579,"comment_status":"open","ping_status":"open","sticky":false,"template":"","format":"standard","meta":{"footnotes":""},"categories":[9,2],"tags":[],"class_list":["post-578","post","type-post","status-publish","format-standard","has-post-thumbnail","hentry","category-destacadas","category-provinciales"],"_links":{"self":[{"href":"https:\/\/lametro989.com\/index.php?rest_route=\/wp\/v2\/posts\/578","targetHints":{"allow":["GET"]}}],"collection":[{"href":"https:\/\/lametro989.com\/index.php?rest_route=\/wp\/v2\/posts"}],"about":[{"href":"https:\/\/lametro989.com\/index.php?rest_route=\/wp\/v2\/types\/post"}],"author":[{"embeddable":true,"href":"https:\/\/lametro989.com\/index.php?rest_route=\/wp\/v2\/users\/2"}],"replies":[{"embeddable":true,"href":"https:\/\/lametro989.com\/index.php?rest_route=%2Fwp%2Fv2%2Fcomments&post=578"}],"version-history":[{"count":1,"href":"https:\/\/lametro989.com\/index.php?rest_route=\/wp\/v2\/posts\/578\/revisions"}],"predecessor-version":[{"id":580,"href":"https:\/\/lametro989.com\/index.php?rest_route=\/wp\/v2\/posts\/578\/revisions\/580"}],"wp:featuredmedia":[{"embeddable":true,"href":"https:\/\/lametro989.com\/index.php?rest_route=\/wp\/v2\/media\/579"}],"wp:attachment":[{"href":"https:\/\/lametro989.com\/index.php?rest_route=%2Fwp%2Fv2%2Fmedia&parent=578"}],"wp:term":[{"taxonomy":"category","embeddable":true,"href":"https:\/\/lametro989.com\/index.php?rest_route=%2Fwp%2Fv2%2Fcategories&post=578"},{"taxonomy":"post_tag","embeddable":true,"href":"https:\/\/lametro989.com\/index.php?rest_route=%2Fwp%2Fv2%2Ftags&post=578"}],"curies":[{"name":"wp","href":"https:\/\/api.w.org\/{rel}","templated":true}]}}