{"id":5792,"date":"2023-11-19T23:35:18","date_gmt":"2023-11-20T02:35:18","guid":{"rendered":"https:\/\/lametro989.com\/?p=5792"},"modified":"2023-11-19T23:35:18","modified_gmt":"2023-11-20T02:35:18","slug":"victoria-villarruel-en-un-jardin-de-infantes-hacer-pintadas-de-los-30-000-es-como-ir-a-un-cementerio-y-pintar-al-oso-barney","status":"publish","type":"post","link":"https:\/\/lametro989.com\/?p=5792","title":{"rendered":"Victoria Villarruel: &#8220;En un jard\u00edn de infantes hacer pintadas de los 30.000 es como ir a un cementerio y pintar al Oso Barney&#8221;"},"content":{"rendered":"\n<p>La compa\u00f1era de f\u00f3rmula de Javier Milei lleg\u00f3 a su centro de votaci\u00f3n dos horas despu\u00e9s de lo previsto en la localidad de Caseros, lanz\u00f3 fuertes cr\u00edticas al oficialismo y destac\u00f3 el compromiso ciudadano con la fiscalizaci\u00f3n<\/p>\n\n\n\n<figure class=\"wp-block-image size-full\"><img loading=\"lazy\" decoding=\"async\" width=\"600\" height=\"336\" src=\"https:\/\/lametro989.com\/wp-content\/uploads\/2023\/11\/imagen-106.png\" alt=\"\" class=\"wp-image-5793\" srcset=\"https:\/\/lametro989.com\/wp-content\/uploads\/2023\/11\/imagen-106.png 600w, https:\/\/lametro989.com\/wp-content\/uploads\/2023\/11\/imagen-106-300x168.png 300w\" sizes=\"auto, (max-width: 600px) 100vw, 600px\" \/><\/figure>\n\n\n\n<p>La candidata a vicepresidenta por&nbsp;La Libertad Avanza&nbsp;(LLA),&nbsp;Victoria Villarruel&nbsp;lleg\u00f3 al jard\u00edn de infantes&nbsp;&nbsp;n.\u00ba 916, en la ciudad bonaerense de Caseros,&nbsp;minutos despu\u00e9s del mediod\u00eda para emitir su voto en el marco de las elecciones que enfrentan a Sergio Massa y a Javier Milei. En declaraciones con la prensa, la diputada nacional&nbsp;consider\u00f3 que&nbsp;&#8220;hacer pintadas sobre los 30 mil desaparecidos en un jard\u00edn de infantes, es como ir a un cementerio y pintar al oso Barney.&nbsp;M\u00e1s desubicados no pueden estar&#8221;. Sus dichos tuvieron lugar&nbsp;al salir al cruce de una protesta realizada en su contra en dicho&nbsp;lugar de votaci\u00f3n.<\/p>\n\n\n\n<p>De esta forma, cuestion\u00f3 las pintadas realizadas en el jard\u00edn de infantes en que le toc\u00f3 sufragar. Villarruel vot\u00f3 con demoras debido a una protesta en su contra.&nbsp;Al bajarse del auto que la transport\u00f3 hasta el centro educativo, la candidata&nbsp;fue increpada por manifestantes&nbsp;que se congregaron con carteles en repudio a la dictadura c\u00edvico-militar con la frase representativa &#8220;<em>Nunca m\u00e1s<\/em>&#8220;,&nbsp;tras el escrache a&nbsp;Javier Milei&nbsp;en el Teatro Col\u00f3n&nbsp;que tuvo lugar en las \u00faltimas horas.<\/p>\n\n\n\n<p>Respecto de los c\u00e1nticos y empapelados relacionados con el &#8220;<em>Nunca&nbsp;M\u00e1s<\/em>&#8220;, hecho que la llev\u00f3 a demorar su voto,&nbsp;la candidata&nbsp;expres\u00f3&nbsp;que &#8220;hoy es el d\u00eda de la democracia, as\u00ed que&nbsp;cualquier otro&nbsp;reclamo est\u00e1 fuera de lugar&#8221;, Sumado a esto,&nbsp;lament\u00f3&nbsp;que el&nbsp;&#8220;momento que debiera ser de tranquilidad para los vecinos, termine teniendo la visi\u00f3n pol\u00edtica de un sector minoritario de la sociedad&#8221;.<\/p>\n\n\n\n<p>&#8220;Es la primera vez que&nbsp;la hija de un veterano de Malvinas, de&nbsp;un militar, llega a ser vicepresidente.&nbsp;No s\u00e9 qu\u00e9 les puede&nbsp;molestar, cuando ellos han tenido hijos de terroristas y&nbsp;terroristas en cargos de gobiernos. A los que les molesta que&nbsp;llegue la libertad de expresi\u00f3n, a los que no les molesta que la&nbsp;democracia implique destruirnos a todos, es a los violentos&#8221;,&nbsp;advirti\u00f3.<\/p>\n\n\n\n<p>La escuela donde vota la candidata hab\u00eda amanecido este domingo&nbsp;empapelada y con murales de reclamo por los &#8220;30 mil argentinos&nbsp;detenidos-desaparecidos durante la \u00faltima dictadura c\u00edvico-militar&#8221;,&nbsp;en repudio a las declaraciones que hicieron tanto&nbsp;<a href=\"https:\/\/www.perfil.com\/noticias\/politica\/que-piensa-victoria-villarruel-del-terrorismo-de-estado-y-como-lo-uso-como-plataforma-politica.phtml\" target=\"_blank\" rel=\"noreferrer noopener\">Villarruel<\/a>&nbsp;como Milei, en las que negaron la cifra de los 30 mil detenidos-desaparecidos usada por organismos de derechos humanos y el oficialismo, y defendieron la que verific\u00f3 el informe&nbsp;de la&nbsp;Comisi\u00f3n Nacional sobre la Desaparici\u00f3n de Personas (Conadep), encabezado por el escritor Ernesto S\u00e1bato.<\/p>\n\n\n\n<p>&#8220;Modificamos el horario porque hay un grupo de gente que no&nbsp;sabemos qu\u00e9 quiere, y priorizamos la seguridad y que todo se&nbsp;desarrolle con normalidad&#8221;, hab\u00eda anunciado Guillermo Montenegro,&nbsp;uno de los asesores de la dirigente de La Libertad Avanza.&nbsp;&#8220;Hay un grupo de gente que tiene carteles y que no sabemos qu\u00e9&nbsp;quieren hacer&#8221;, se\u00f1al\u00f3.&nbsp;<\/p>\n\n\n\n<p>Por su parte, la postulante libertaria sostuvo que &#8220;es una elecci\u00f3n important\u00edsima la de hoy, porque se juegan&nbsp;dos ideas: la continuidad de un sistema que nos ha llevado a la&nbsp;pobreza, y un cambio que pretende libertad, progreso, y que el&nbsp;pueblo argentino pueda ser digno a trav\u00e9s de su propio trabajo&#8221;. Sumado a esto, enfatiz\u00f3&nbsp;durante una rueda de prensa antes de ingresar al jard\u00edn de infantes&nbsp;que &#8220;nosotros, a diferencia de la casta pol\u00edtica, respetamos la democracia&nbsp;y eso implica que todos los votos y todas las opciones est\u00e9n representadas\u201d.<\/p>\n\n\n\n<p>Al ser consultada&nbsp;por los rumores de la&nbsp;falta de boletas de&nbsp;La Libertad Avanza&nbsp;subray\u00f3 el compromiso ciudadano a la hora de inscribirse como fiscales&nbsp;y consider\u00f3 que \u201cson las situaciones que ocurren en todas las elecciones&#8221; y recalc\u00f3 &#8220;tenemos gran cantidad de fiscales, creo que esto es para resaltar. El pueblo argentino, el ciudadano com\u00fan se anot\u00f3 para fiscalizar y est\u00e1n en todo el pa\u00eds vigilando la voluntad de todos\u201d.<\/p>\n\n\n\n<p>\u201cNo me tiene que gustar a mi el resultado electoral, es la voluntad del pueblo argentino. Cuando conozcamos los resultados, los vamos a reconocer, como&nbsp;espero que lo haga el massimo en caso de que ganemos nosotros\u201d, concluy\u00f3 la candidata vicepresidencial.<\/p>\n","protected":false},"excerpt":{"rendered":"<p>La compa\u00f1era de f\u00f3rmula de Javier Milei lleg\u00f3 a su centro de votaci\u00f3n dos horas despu\u00e9s de lo previsto en la localidad de Caseros, lanz\u00f3&hellip; <\/p>\n","protected":false},"author":2,"featured_media":5793,"comment_status":"open","ping_status":"open","sticky":false,"template":"","format":"standard","meta":{"footnotes":""},"categories":[9,5],"tags":[],"class_list":["post-5792","post","type-post","status-publish","format-standard","has-post-thumbnail","hentry","category-destacadas","category-politica"],"_links":{"self":[{"href":"https:\/\/lametro989.com\/index.php?rest_route=\/wp\/v2\/posts\/5792","targetHints":{"allow":["GET"]}}],"collection":[{"href":"https:\/\/lametro989.com\/index.php?rest_route=\/wp\/v2\/posts"}],"about":[{"href":"https:\/\/lametro989.com\/index.php?rest_route=\/wp\/v2\/types\/post"}],"author":[{"embeddable":true,"href":"https:\/\/lametro989.com\/index.php?rest_route=\/wp\/v2\/users\/2"}],"replies":[{"embeddable":true,"href":"https:\/\/lametro989.com\/index.php?rest_route=%2Fwp%2Fv2%2Fcomments&post=5792"}],"version-history":[{"count":1,"href":"https:\/\/lametro989.com\/index.php?rest_route=\/wp\/v2\/posts\/5792\/revisions"}],"predecessor-version":[{"id":5794,"href":"https:\/\/lametro989.com\/index.php?rest_route=\/wp\/v2\/posts\/5792\/revisions\/5794"}],"wp:featuredmedia":[{"embeddable":true,"href":"https:\/\/lametro989.com\/index.php?rest_route=\/wp\/v2\/media\/5793"}],"wp:attachment":[{"href":"https:\/\/lametro989.com\/index.php?rest_route=%2Fwp%2Fv2%2Fmedia&parent=5792"}],"wp:term":[{"taxonomy":"category","embeddable":true,"href":"https:\/\/lametro989.com\/index.php?rest_route=%2Fwp%2Fv2%2Fcategories&post=5792"},{"taxonomy":"post_tag","embeddable":true,"href":"https:\/\/lametro989.com\/index.php?rest_route=%2Fwp%2Fv2%2Ftags&post=5792"}],"curies":[{"name":"wp","href":"https:\/\/api.w.org\/{rel}","templated":true}]}}