{"id":5795,"date":"2023-11-20T00:07:43","date_gmt":"2023-11-20T03:07:43","guid":{"rendered":"https:\/\/lametro989.com\/?p=5795"},"modified":"2023-11-20T00:07:43","modified_gmt":"2023-11-20T03:07:43","slug":"en-palabras-de-elisa-carrio-juntos-por-el-cambio-se-quebro-y-la-coalicion-civica-retoma-su-autonomia","status":"publish","type":"post","link":"https:\/\/lametro989.com\/?p=5795","title":{"rendered":"En palabras de Elisa Carri\u00f3, Juntos por el Cambio se quebr\u00f3 y la Coalici\u00f3n C\u00edvica retoma su autonom\u00eda"},"content":{"rendered":"\n<p>La l\u00edder de la Coalici\u00f3n C\u00edvica anticip\u00f3 un triunfo del libertario Javier Milei y se despeg\u00f3 de la coalici\u00f3n opositora que form\u00f3 con Mauricio Macri y el radical Ernesto Sanz. \u00a0<\/p>\n\n\n\n<figure class=\"wp-block-image size-full\"><img loading=\"lazy\" decoding=\"async\" width=\"600\" height=\"399\" src=\"https:\/\/lametro989.com\/wp-content\/uploads\/2023\/11\/imagen-107.png\" alt=\"\" class=\"wp-image-5796\" srcset=\"https:\/\/lametro989.com\/wp-content\/uploads\/2023\/11\/imagen-107.png 600w, https:\/\/lametro989.com\/wp-content\/uploads\/2023\/11\/imagen-107-300x200.png 300w\" sizes=\"auto, (max-width: 600px) 100vw, 600px\" \/><\/figure>\n\n\n\n<p>La l\u00edder de la Coalici\u00f3n C\u00edvica (CC),&nbsp;Elisa \u201cLilita\u201d Carri\u00f3,&nbsp;se despeg\u00f3 preventivamente de Juntos por el Cambio (JxC) y destac\u00f3 que su partido&nbsp;retomar\u00e1 \u201cla plena autonom\u00eda\u201d para luchar por \u201clos principios fundacionales\u201d. Ante los primeros indicios de que podr\u00eda concretarse una posible victoria del libertario&nbsp;Javier Milei, y despu\u00e9s del acompa\u00f1amiento de parte de la c\u00fapula de Pro, con&nbsp;Mauricio Macri&nbsp;y&nbsp;Patricia Bullrich&nbsp;al frente, a La Libertad Avanza en el balotaje, Carri\u00f3 anticip\u00f3 su posicionamiento y precis\u00f3 que no participar\u00e1n \u201cde ning\u00fan tipo de negociaci\u00f3n\u201d. Lo hizo a trav\u00e9s de un audio que hizo difundir entre los medios de comunicaci\u00f3n.<\/p>\n\n\n\n<p>Con un discurso en tercera persona, Carri\u00f3 indic\u00f3: \u201cHabi\u00e9ndose roto la alianza JxC por voluntad ajena a la Coalici\u00f3n C\u00edvica, Elisa Carri\u00f3 y la CC retoman su plena autonom\u00eda y van a luchar por los principios fundacionales, el contrato moral, el contrato republicano y el contrato de desarrollo econ\u00f3mico. No van a participar de ning\u00fan tipo de negociaci\u00f3n. Su rol es reconstruir la rep\u00fablica si \u00e9sta se ve amenazada\u201d.<\/p>\n\n\n\n<p>Despu\u00e9s de la decisi\u00f3n inconsulta de Bullrich y Macri, la CC difundi\u00f3 un comunicado en el se&nbsp;declar\u00f3 prescindente frente a las dos opciones en pugna en el balotaje.<\/p>\n\n\n\n<p>\u201cAceptamos el resultado electoral, pero no votaremos por ninguna de las dos opciones que competir\u00e1n en el balotaje, las que proponen gobiernos irresponsables basados en imposibilidades morales y pol\u00edticas y pacto de impunidad. En consecuencia no es ni con Massa, ni con Milei\u201d, manifest\u00f3 la fuerza de Carri\u00f3, quien responsabiliz\u00f3 a Mauricio Macri por la derrota de JxC en las urnas. Fue despu\u00e9s de que, tras varios meses de silencio, apareciera en el escenario de la coalici\u00f3n opositora la noche del 22 de octubre.<\/p>\n","protected":false},"excerpt":{"rendered":"<p>La l\u00edder de la Coalici\u00f3n C\u00edvica anticip\u00f3 un triunfo del libertario Javier Milei y se despeg\u00f3 de la coalici\u00f3n opositora que form\u00f3 con Mauricio Macri&hellip; <\/p>\n","protected":false},"author":2,"featured_media":5796,"comment_status":"open","ping_status":"open","sticky":false,"template":"","format":"standard","meta":{"footnotes":""},"categories":[9,5],"tags":[],"class_list":["post-5795","post","type-post","status-publish","format-standard","has-post-thumbnail","hentry","category-destacadas","category-politica"],"_links":{"self":[{"href":"https:\/\/lametro989.com\/index.php?rest_route=\/wp\/v2\/posts\/5795","targetHints":{"allow":["GET"]}}],"collection":[{"href":"https:\/\/lametro989.com\/index.php?rest_route=\/wp\/v2\/posts"}],"about":[{"href":"https:\/\/lametro989.com\/index.php?rest_route=\/wp\/v2\/types\/post"}],"author":[{"embeddable":true,"href":"https:\/\/lametro989.com\/index.php?rest_route=\/wp\/v2\/users\/2"}],"replies":[{"embeddable":true,"href":"https:\/\/lametro989.com\/index.php?rest_route=%2Fwp%2Fv2%2Fcomments&post=5795"}],"version-history":[{"count":1,"href":"https:\/\/lametro989.com\/index.php?rest_route=\/wp\/v2\/posts\/5795\/revisions"}],"predecessor-version":[{"id":5797,"href":"https:\/\/lametro989.com\/index.php?rest_route=\/wp\/v2\/posts\/5795\/revisions\/5797"}],"wp:featuredmedia":[{"embeddable":true,"href":"https:\/\/lametro989.com\/index.php?rest_route=\/wp\/v2\/media\/5796"}],"wp:attachment":[{"href":"https:\/\/lametro989.com\/index.php?rest_route=%2Fwp%2Fv2%2Fmedia&parent=5795"}],"wp:term":[{"taxonomy":"category","embeddable":true,"href":"https:\/\/lametro989.com\/index.php?rest_route=%2Fwp%2Fv2%2Fcategories&post=5795"},{"taxonomy":"post_tag","embeddable":true,"href":"https:\/\/lametro989.com\/index.php?rest_route=%2Fwp%2Fv2%2Ftags&post=5795"}],"curies":[{"name":"wp","href":"https:\/\/api.w.org\/{rel}","templated":true}]}}