{"id":5798,"date":"2023-11-20T00:14:20","date_gmt":"2023-11-20T03:14:20","guid":{"rendered":"https:\/\/lametro989.com\/?p=5798"},"modified":"2023-11-20T00:14:20","modified_gmt":"2023-11-20T03:14:20","slug":"massa-pide-licencia-al-ministerio-de-economia-para-facilitar-la-transicion","status":"publish","type":"post","link":"https:\/\/lametro989.com\/?p=5798","title":{"rendered":"Massa pide licencia al Ministerio de Econom\u00eda para &#8220;facilitar la transici\u00f3n&#8221;"},"content":{"rendered":"\n<p>El ministro de Econom\u00eda,\u00a0<strong>Sergio Massa<\/strong>,\u00a0<strong>pedir\u00e1 licencia hasta el 9 de diciembre<\/strong>, seg\u00fan anticiparon fuentes oficiales. La decisi\u00f3n fue adoptada esta noche luego de la derrota electoral para facilitar la transici\u00f3n entre el ganador del balotaje, <strong>Javier Milei<\/strong>, y el presidente\u00a0<strong>Alberto Fern\u00e1ndez<\/strong>.<\/p>\n\n\n\n<figure class=\"wp-block-image size-full\"><img loading=\"lazy\" decoding=\"async\" width=\"750\" height=\"500\" src=\"https:\/\/lametro989.com\/wp-content\/uploads\/2023\/11\/imagen-108.png\" alt=\"\" class=\"wp-image-5799\" srcset=\"https:\/\/lametro989.com\/wp-content\/uploads\/2023\/11\/imagen-108.png 750w, https:\/\/lametro989.com\/wp-content\/uploads\/2023\/11\/imagen-108-300x200.png 300w\" sizes=\"auto, (max-width: 750px) 100vw, 750px\" \/><\/figure>\n\n\n\n<p>La gesti\u00f3n econ\u00f3mica quedar\u00e1 a cargo del equipo de Massa. El presidente del Banco Central, Miguel \u00c1ngel Pesce, coordinar\u00e1 la transici\u00f3n financiera. Y el secretario de Hacienda, Ra\u00fal Rigo, se encargar\u00e1 del di\u00e1logo con el nuevo gobierno en el \u00e1rea fiscal.<\/p>\n\n\n\n<p>Al reconocer su derrota electoral, Massa hab\u00eda anticipado que este domingo se terminaba una etapa. Adem\u00e1s, plante\u00f3 que a partir de ma\u00f1ana &#8220;la responsabilidad de dar certezas sobre el funcionamiento econ\u00f3mico&#8221; ser\u00e1 del Presidente electo.<\/p>\n\n\n\n<p>Fern\u00e1ndez ya dio el primer paso para iniciar una transici\u00f3n ordenada. Antes de las 21, llam\u00f3 al ganador de los comicios para ponerse a disposici\u00f3n y facilitar un traspaso de poder sin sobresaltos. Para cumplir con esa meta, convoc\u00f3 al l\u00edder de la Libertad Avanza a una reuni\u00f3n formal en Casa Rosada que a\u00fan no tiene fecha. Luego, cada \u00e1rea de gobierno iniciar\u00e1 reuniones de enlace con los equipos del jefe de Estado electo.<\/p>\n","protected":false},"excerpt":{"rendered":"<p>El ministro de Econom\u00eda,\u00a0Sergio Massa,\u00a0pedir\u00e1 licencia hasta el 9 de diciembre, seg\u00fan anticiparon fuentes oficiales. La decisi\u00f3n fue adoptada esta noche luego de la derrota&hellip; <\/p>\n","protected":false},"author":2,"featured_media":5799,"comment_status":"open","ping_status":"open","sticky":false,"template":"","format":"standard","meta":{"footnotes":""},"categories":[9,5],"tags":[],"class_list":["post-5798","post","type-post","status-publish","format-standard","has-post-thumbnail","hentry","category-destacadas","category-politica"],"_links":{"self":[{"href":"https:\/\/lametro989.com\/index.php?rest_route=\/wp\/v2\/posts\/5798","targetHints":{"allow":["GET"]}}],"collection":[{"href":"https:\/\/lametro989.com\/index.php?rest_route=\/wp\/v2\/posts"}],"about":[{"href":"https:\/\/lametro989.com\/index.php?rest_route=\/wp\/v2\/types\/post"}],"author":[{"embeddable":true,"href":"https:\/\/lametro989.com\/index.php?rest_route=\/wp\/v2\/users\/2"}],"replies":[{"embeddable":true,"href":"https:\/\/lametro989.com\/index.php?rest_route=%2Fwp%2Fv2%2Fcomments&post=5798"}],"version-history":[{"count":1,"href":"https:\/\/lametro989.com\/index.php?rest_route=\/wp\/v2\/posts\/5798\/revisions"}],"predecessor-version":[{"id":5800,"href":"https:\/\/lametro989.com\/index.php?rest_route=\/wp\/v2\/posts\/5798\/revisions\/5800"}],"wp:featuredmedia":[{"embeddable":true,"href":"https:\/\/lametro989.com\/index.php?rest_route=\/wp\/v2\/media\/5799"}],"wp:attachment":[{"href":"https:\/\/lametro989.com\/index.php?rest_route=%2Fwp%2Fv2%2Fmedia&parent=5798"}],"wp:term":[{"taxonomy":"category","embeddable":true,"href":"https:\/\/lametro989.com\/index.php?rest_route=%2Fwp%2Fv2%2Fcategories&post=5798"},{"taxonomy":"post_tag","embeddable":true,"href":"https:\/\/lametro989.com\/index.php?rest_route=%2Fwp%2Fv2%2Ftags&post=5798"}],"curies":[{"name":"wp","href":"https:\/\/api.w.org\/{rel}","templated":true}]}}