{"id":5804,"date":"2023-11-20T00:26:43","date_gmt":"2023-11-20T03:26:43","guid":{"rendered":"https:\/\/lametro989.com\/?p=5804"},"modified":"2023-11-20T00:26:43","modified_gmt":"2023-11-20T03:26:43","slug":"javier-milei-los-cambios-que-necesita-argentina-son-drasticos-y-no-hay-lugar-para-gradualismo","status":"publish","type":"post","link":"https:\/\/lametro989.com\/?p=5804","title":{"rendered":"Javier Milei: &#8220;Los cambios que necesita Argentina son dr\u00e1sticos y no hay lugar para gradualismo&#8221;"},"content":{"rendered":"\n<p>El presidente electo Javier Milei anticip\u00f3 que desde el primer d\u00eda de su mandato avanzar\u00e1 con cambios dr\u00e1sticos, amenaz\u00f3 con reprimir la protesta social y advirti\u00f3 que la responsabilidad de gobernar hasta el 10 de diciembre es de Alberto Fern\u00e1ndez.<\/p>\n\n\n\n<figure class=\"wp-block-image size-full\"><img loading=\"lazy\" decoding=\"async\" width=\"610\" height=\"457\" src=\"https:\/\/lametro989.com\/wp-content\/uploads\/2023\/11\/imagen-110.png\" alt=\"\" class=\"wp-image-5805\" srcset=\"https:\/\/lametro989.com\/wp-content\/uploads\/2023\/11\/imagen-110.png 610w, https:\/\/lametro989.com\/wp-content\/uploads\/2023\/11\/imagen-110-300x225.png 300w\" sizes=\"auto, (max-width: 610px) 100vw, 610px\" \/><\/figure>\n\n\n\n<p>El presidente electo de la Argentina <strong>Javier Milei<\/strong> brind\u00f3 una breve discurso tras imponerse por m\u00e1s del 55% de los votos en el balotaje y dej\u00f3 unos pocos, pero contundentes, lineamientos.<\/p>\n\n\n\n<p>En ese sentido advirti\u00f3 que avanzar\u00e1 con cambios profundos y sin gradualismo. Advirti\u00f3 que reprimir\u00e1 la protesta social que se oponga a estas medidas. Y, contra lo que se\u00f1al\u00f3 <strong>Sergio Massa <\/strong>en su discurso, record\u00f3 que la responsabilidad de gobernar hasta el 10 de diciembre es de la gesti\u00f3n de <strong>Alberto Fern\u00e1ndez.<\/strong><\/p>\n\n\n\n<p>Milei tard\u00f3 m\u00e1s de dos horas en salir a hablar luego de que Massa reconociera la derrota. En su escueto discurso no dio se\u00f1ales del rumbo econ\u00f3mico ni del equipo que lo acompa\u00f1ar\u00e1.<\/p>\n\n\n\n<p>Pero s\u00ed dej\u00f3 definiciones contundentes. Primero lanz\u00f3 una velada amenaza a quienes se resistan a los cambios que impulsar\u00e1 desde la Casa Rosada.<\/p>\n\n\n\n<p>&#8220;Hay gente que se va a resistir para mantener este sistema de privilegio que beneficia a algunos pocos. A todos ellos les quiero decir: dentro de la ley todo, fuera de la ley nada. En esta nueva Argentina no hay lugar para los violentos que violan la ley para defender sus privilegios&#8221;, advirti\u00f3 en tono amenazante.<\/p>\n\n\n\n<figure class=\"wp-block-image\"><img decoding=\"async\" src=\"https:\/\/media.minutouno.com\/p\/66914ebc33e39005ba908ae390b1c95c\/adjuntos\/150\/imagenes\/041\/136\/0041136688\/milei-hermana.jpg\" alt=\"\" title=\"\"\/><\/figure>\n\n\n\n<p>Nacho Petunchi<\/p>\n\n\n\n<p>Record\u00f3 que Alberto Fern\u00e1ndez gobernar\u00e1 hasta el 10 de diciembre y se desentendi\u00f3 de la transici\u00f3n. &#8220;Que se hagan cargo de su responsabilidad, hasta el final de su mandato el 10 de diciembre&#8221;.<\/p>\n\n\n\n<p>Y advirti\u00f3: &#8220;Una vez finalizado comenzaremos a transformar esta realidad tan tr\u00e1gica. Los cambios que nuestro pa\u00eds necesita son dr\u00e1sticos. No hay lugar para el gradualismo, para la tibieza ni para las medias tintas&#8221;.<\/p>\n\n\n\n<p>&#8220;Si no avanzamos r\u00e1pido con los cambios estructurales nos dirigimos a la peor crisis de toda nuestra historia&#8221;, sentenci\u00f3.<\/p>\n\n\n\n<figure class=\"wp-block-image\"><img decoding=\"async\" src=\"https:\/\/media.minutouno.com\/p\/27edb458a8f06b71aee39f5d748df22a\/adjuntos\/150\/imagenes\/041\/136\/0041136774\/milei.jpg\" alt=\"\" title=\"\"\/><\/figure>\n\n\n\n<p>Nacho Petunchi<\/p>\n\n\n\n<p>Hoy volveremos a retomar la libertad, se termina el camino de la decadencia&#8221;, asegur\u00f3 Milei.<\/p>\n\n\n\n<p>Y sigui\u00f3: &#8220;hoy volveremos a retomar la libertad, se termina el camino de la decadencia. Hoy se termina esa visi\u00f3n de que el victimario son las v\u00edctimas y se acaba el modelo empobrecedor del estado omnipresente. Hoy abrazamos las ideas de la libertad, las ideas de <strong>(Juan Bautista) Alberdi&#8221;.<\/strong><\/p>\n\n\n\n<p>&#8220;Al mismo tiempo quiero decirle a todos los argentinos, que todos aquellos que se quieran sumar a la nueva argentina son bienvenidos. Eso va a ser necesario para volver a poner de pie a la patria y a ser potencia&#8221;, invit\u00f3 el presidente electo.<\/p>\n","protected":false},"excerpt":{"rendered":"<p>El presidente electo Javier Milei anticip\u00f3 que desde el primer d\u00eda de su mandato avanzar\u00e1 con cambios dr\u00e1sticos, amenaz\u00f3 con reprimir la protesta social y&hellip; <\/p>\n","protected":false},"author":2,"featured_media":5805,"comment_status":"open","ping_status":"open","sticky":false,"template":"","format":"standard","meta":{"footnotes":""},"categories":[5],"tags":[],"class_list":["post-5804","post","type-post","status-publish","format-standard","has-post-thumbnail","hentry","category-politica"],"_links":{"self":[{"href":"https:\/\/lametro989.com\/index.php?rest_route=\/wp\/v2\/posts\/5804","targetHints":{"allow":["GET"]}}],"collection":[{"href":"https:\/\/lametro989.com\/index.php?rest_route=\/wp\/v2\/posts"}],"about":[{"href":"https:\/\/lametro989.com\/index.php?rest_route=\/wp\/v2\/types\/post"}],"author":[{"embeddable":true,"href":"https:\/\/lametro989.com\/index.php?rest_route=\/wp\/v2\/users\/2"}],"replies":[{"embeddable":true,"href":"https:\/\/lametro989.com\/index.php?rest_route=%2Fwp%2Fv2%2Fcomments&post=5804"}],"version-history":[{"count":1,"href":"https:\/\/lametro989.com\/index.php?rest_route=\/wp\/v2\/posts\/5804\/revisions"}],"predecessor-version":[{"id":5806,"href":"https:\/\/lametro989.com\/index.php?rest_route=\/wp\/v2\/posts\/5804\/revisions\/5806"}],"wp:featuredmedia":[{"embeddable":true,"href":"https:\/\/lametro989.com\/index.php?rest_route=\/wp\/v2\/media\/5805"}],"wp:attachment":[{"href":"https:\/\/lametro989.com\/index.php?rest_route=%2Fwp%2Fv2%2Fmedia&parent=5804"}],"wp:term":[{"taxonomy":"category","embeddable":true,"href":"https:\/\/lametro989.com\/index.php?rest_route=%2Fwp%2Fv2%2Fcategories&post=5804"},{"taxonomy":"post_tag","embeddable":true,"href":"https:\/\/lametro989.com\/index.php?rest_route=%2Fwp%2Fv2%2Ftags&post=5804"}],"curies":[{"name":"wp","href":"https:\/\/api.w.org\/{rel}","templated":true}]}}