{"id":5807,"date":"2023-11-20T00:29:25","date_gmt":"2023-11-20T03:29:25","guid":{"rendered":"https:\/\/lametro989.com\/?p=5807"},"modified":"2023-11-20T00:29:25","modified_gmt":"2023-11-20T03:29:25","slug":"asi-quedo-el-mapa-politico-una-marea-violeta-inundo-la-argentina","status":"publish","type":"post","link":"https:\/\/lametro989.com\/?p=5807","title":{"rendered":"As\u00ed qued\u00f3 el mapa pol\u00edtico: una marea violeta inund\u00f3 la Argentina"},"content":{"rendered":"\n<p>El contundente triunfo de Javier Milei sobre Sergio Massa en el balotaje presidencial cambi\u00f3 radicalmente el color del mapa pol\u00edtico del pa\u00eds.<\/p>\n\n\n\n<figure class=\"wp-block-image size-full\"><img loading=\"lazy\" decoding=\"async\" width=\"610\" height=\"431\" src=\"https:\/\/lametro989.com\/wp-content\/uploads\/2023\/11\/imagen-111.png\" alt=\"\" class=\"wp-image-5808\" srcset=\"https:\/\/lametro989.com\/wp-content\/uploads\/2023\/11\/imagen-111.png 610w, https:\/\/lametro989.com\/wp-content\/uploads\/2023\/11\/imagen-111-300x212.png 300w\" sizes=\"auto, (max-width: 610px) 100vw, 610px\" \/><\/figure>\n\n\n\n<p>El triunfo de<strong> Javier Milei<\/strong> en el balotaje presidencial fue contundente. Con casi el 96% de los votos escrutados, Milei se impuso con el 55,78% de los votos frente al 44,21% que cosech\u00f3 el candidato de Uni\u00f3n por la Patria, <strong>Sergio Massa<\/strong>, y se convirti\u00f3 en el nuevo presidente electo de la Argentina.<\/p>\n\n\n\n<p>El triunfo del candidato de La Libertad Avanza fue contundente y as\u00ed qued\u00f3 en evidencia a la hora de revisar el nuevo mapa pol\u00edtico de la Argentina.<div class=\"row\"><div class=\"col-12 col-md-12 col-lg-8\"><section class=\"detail-body\"><section class=\"body-content note-body content-protected-false\"><p>S\u00f3lo la provincia de Buenos Aires, Santiago del Estero y Formosa  quiebran la marea violeta que inund\u00f3 la Argentina. Luego de que Massa  reconociera la derrota, los distintos gobernadores provinciales  comenzaron a felicitar al presidente electo.<\/p><\/section><\/section><\/div><\/div><\/p>\n\n\n\n<p>&#8220;A 40 a\u00f1os de la recuperaci\u00f3n de la democracia nuevamente se ha expresado el pueblo. Felicito al presidente electo Javier Milei, deseos de \u00e9xito a su gesti\u00f3n y al de nuestro querido pa\u00eds que ser\u00e1 el \u00e9xito del Pueblo Argentino&#8221;, escribi\u00f3 el mandatario de Jujuy <strong>Gerardo Morales <\/strong>en su cuenta de la plataforma X (exTwitter).<\/p>\n\n\n\n<p>Por su parte, el saliente jefe de gobierno porte\u00f1o, <strong>Horacio Rodr\u00edguez Larreta<\/strong> felicit\u00f3 a Milei y a su compa\u00f1era de f\u00f3rmula, <strong>Victoria Villarruel<\/strong>, &#8220;por haber sido electos presidente y vice de nuestro pa\u00eds&#8221;.<\/p>\n\n\n\n<p>&#8220;Tienen, a partir del 10 de diciembre, la enorme responsabilidad de llevar a cabo una gesti\u00f3n que saque a los argentinos de la situaci\u00f3n en la que estamos&#8221;, escribi\u00f3 Larreta en su cuenta oficial de X.<\/p>\n\n\n\n<p>Adem\u00e1s, el exprecandidato a presidente de Juntos por el Cambio asegur\u00f3 que desde su &#8220;lugar&#8221; va a continuar &#8220;trabajando para construir un pa\u00eds donde todos vivamos mejor&#8221; y a dedicar todos sus &#8220;esfuerzos para que los millones de argentinos podamos vivir en paz, trabajando y progresando con honestidad y esfuerzo&#8221;.<\/p>\n\n\n\n<p>El gobernador de C\u00f3rdoba y excandidato presidencial por Hacemos por Nuestro Pa\u00eds, <strong>Juan schiaretti<\/strong>, felicit\u00f3 al candidato y le dese\u00f3 &#8220;\u00e9xitos en su gesti\u00f3n porque ello significar\u00e1 mejora en la vida de los argentinos&#8221;.<\/p>\n\n\n\n<figure class=\"wp-block-image\"><img decoding=\"async\" src=\"https:\/\/media.minutouno.com\/p\/d071c358c0140caecb38c04ebf63ae36\/adjuntos\/150\/imagenes\/041\/136\/0041136386\/610x0\/smart\/milei.jpg\" alt=\"\" title=\"\"\/><\/figure>\n\n\n\n<p>&#8220;Quiero saludar al pueblo de mi Provincia, por haber participado masivamente en esta jornada democr\u00e1tica ejemplar. La voluntad expresada en las urnas refleja el rotundo rechazo de los cordobeses al kichnerismo, ya que es el peor resultado de las \u00faltimas tres elecciones para esa fuerza&#8221;, a\u00f1adi\u00f3 en otra publicaci\u00f3n a trav\u00e9s de X.<\/p>\n\n\n\n<p>El mandatario saliente en C\u00f3rdoba sostuvo que los resultados son consecuencia de &#8220;una verdadera falta de federalismo&#8221; y en ese sentido critic\u00f3 las retenciones a exportaciones agropecuarias por considerarlas &#8220;un impuesto confiscatorio&#8221;.<\/p>\n\n\n\n<p>&#8220;Seguiremos planteando que se eliminen las retenciones y se corrijan los desequilibrios en los costos mencionados arriba para tener una Argentina equitativa y federal. El voto del interior del Pa\u00eds reflej\u00f3 este reclamo&#8221;, expres\u00f3.<\/p>\n\n\n\n<figure class=\"wp-block-image\"><img decoding=\"async\" src=\"https:\/\/media.minutouno.com\/p\/38e94229443e24ff144aa0f05446cce6\/adjuntos\/150\/imagenes\/041\/133\/0041133109\/610x0\/smart\/milei-telamjpg.jpg\" alt=\"\" title=\"\"\/><\/figure>\n\n\n\n<p>El gobernador de Catamarca, <strong>Ra\u00fal Jalil<\/strong>, felicit\u00f3 primero al candidato Sergio Massa y a &#8220;todos los profesionales, militantes y dirigentes que trabajaron para plantear una propuesta de gobierno en este tiempo dif\u00edcil&#8221;.<\/p>\n\n\n\n<p>&#8220;Es momento de reflexi\u00f3n y reconstrucci\u00f3n de cara a los pr\u00f3ximos a\u00f1os&#8221;, destac\u00f3 Jalil y a\u00f1adi\u00f3 que &#8220;lo importante&#8221; de la jornada de hoy es que &#8220;el pueblo, a trav\u00e9s de la democracia, ha hablado una vez m\u00e1s&#8221;.<\/p>\n\n\n\n<p>&#8220;Felicitaciones para el presidente electo Javier Milei y su equipo, le deseamos \u00e9xitos en su gesti\u00f3n y que sea para bien de todos los argentinos. Seguiremos trabajando con di\u00e1logo para que as\u00ed sea&#8221;, agreg\u00f3 Jalil.<\/p>\n\n\n\n<p>El gobernador de Mendoza, <strong>Rodolfo Su\u00e1rez<\/strong>, destac\u00f3 que &#8220;Argentina ha decidido un cambio de rumbo, dando fin al populismo&#8221;. &#8220;Felicito al nuevo presidente Javer Milei y le deseo \u00e9xito en la gesti\u00f3n de los destinos del pa\u00eds&#8221;, subray\u00f3.<\/p>\n\n\n\n<figure class=\"wp-block-image\"><img decoding=\"async\" src=\"https:\/\/media.minutouno.com\/p\/51a5c4d9185c38107b421aaaa14d9c73\/adjuntos\/150\/imagenes\/041\/060\/0041060092\/610x0\/smart\/urna-telamjpg.jpg\" alt=\"\" title=\"\"\/><\/figure>\n\n\n\n<p>En tanto, el gobernador de La Pampa, <strong>Sergio Ziliotto<\/strong>, destac\u00f3 la jornada electoral como &#8220;ejemplo de civismo e institucionalidad&#8221; y agradeci\u00f3 a los pampeanos &#8220;por este acto eleccionario ejemplar, en especial a los que nos acompa\u00f1aron con su voto y a los que trabajaron por el proyecto de Uni\u00f3n por la Patria&#8221;.<\/p>\n\n\n\n<p>&#8220;Las elecciones han expresado la voluntad popular y debemos interpretar ese mensaje con responsabilidad. Aunque el pr\u00f3ximo presidente no ser\u00e1 quien fue nuestro candidato, pondr\u00e9 todo mi empe\u00f1o para que La Pampa siga creciendo y generando oportunidades&#8221;, asegur\u00f3 Ziliotto.<\/p>\n\n\n\n<p>Adem\u00e1s, se comprometi\u00f3 a trabajar &#8220;incansablemente para defender nuestro modelo de desarrollo provincial, para recibir y agradecer lo que nos beneficie pero m\u00e1s a\u00fan para rechazar enf\u00e1ticamente medidas que avasallen nuestros intereses&#8221;. &#8220;Mi compromiso, como siempre, ser\u00e1 buscar el mayor bienestar para las y los pampeanos&#8221;, cerr\u00f3.<\/p>\n","protected":false},"excerpt":{"rendered":"<p>El contundente triunfo de Javier Milei sobre Sergio Massa en el balotaje presidencial cambi\u00f3 radicalmente el color del mapa pol\u00edtico del pa\u00eds. El triunfo de&hellip; <\/p>\n","protected":false},"author":2,"featured_media":5808,"comment_status":"open","ping_status":"open","sticky":false,"template":"","format":"standard","meta":{"footnotes":""},"categories":[13],"tags":[],"class_list":["post-5807","post","type-post","status-publish","format-standard","has-post-thumbnail","hentry","category-nacionales"],"_links":{"self":[{"href":"https:\/\/lametro989.com\/index.php?rest_route=\/wp\/v2\/posts\/5807","targetHints":{"allow":["GET"]}}],"collection":[{"href":"https:\/\/lametro989.com\/index.php?rest_route=\/wp\/v2\/posts"}],"about":[{"href":"https:\/\/lametro989.com\/index.php?rest_route=\/wp\/v2\/types\/post"}],"author":[{"embeddable":true,"href":"https:\/\/lametro989.com\/index.php?rest_route=\/wp\/v2\/users\/2"}],"replies":[{"embeddable":true,"href":"https:\/\/lametro989.com\/index.php?rest_route=%2Fwp%2Fv2%2Fcomments&post=5807"}],"version-history":[{"count":1,"href":"https:\/\/lametro989.com\/index.php?rest_route=\/wp\/v2\/posts\/5807\/revisions"}],"predecessor-version":[{"id":5809,"href":"https:\/\/lametro989.com\/index.php?rest_route=\/wp\/v2\/posts\/5807\/revisions\/5809"}],"wp:featuredmedia":[{"embeddable":true,"href":"https:\/\/lametro989.com\/index.php?rest_route=\/wp\/v2\/media\/5808"}],"wp:attachment":[{"href":"https:\/\/lametro989.com\/index.php?rest_route=%2Fwp%2Fv2%2Fmedia&parent=5807"}],"wp:term":[{"taxonomy":"category","embeddable":true,"href":"https:\/\/lametro989.com\/index.php?rest_route=%2Fwp%2Fv2%2Fcategories&post=5807"},{"taxonomy":"post_tag","embeddable":true,"href":"https:\/\/lametro989.com\/index.php?rest_route=%2Fwp%2Fv2%2Ftags&post=5807"}],"curies":[{"name":"wp","href":"https:\/\/api.w.org\/{rel}","templated":true}]}}