{"id":581,"date":"2023-06-30T20:26:26","date_gmt":"2023-06-30T23:26:26","guid":{"rendered":"https:\/\/lametro989.com\/?p=581"},"modified":"2023-06-30T20:26:26","modified_gmt":"2023-06-30T23:26:26","slug":"quienes-eran-los-pilotos-que-viajaban-en-el-avion-que-cayo-en-el-predio-de-agronea","status":"publish","type":"post","link":"https:\/\/lametro989.com\/?p=581","title":{"rendered":"Qui\u00e9nes eran los pilotos que viajaban en el avi\u00f3n que cay\u00f3 en el predio de Agronea"},"content":{"rendered":"\n<p>Los dos tripulantes que murieron durante una maniobra a\u00e9rea en el acto de Agronea eran oriundos del partido bonaerense 25 de Mayo. Se trataba del piloto acrob\u00e1tico Leandro Ferraris y el copiloto Guillermo Tuymans, seg\u00fan confirmaron las autoridades.<\/p>\n\n\n\n<figure class=\"wp-block-image size-full\"><img loading=\"lazy\" decoding=\"async\" width=\"696\" height=\"392\" src=\"https:\/\/lametro989.com\/wp-content\/uploads\/2023\/06\/imagen-40.png\" alt=\"\" class=\"wp-image-582\" srcset=\"https:\/\/lametro989.com\/wp-content\/uploads\/2023\/06\/imagen-40.png 696w, https:\/\/lametro989.com\/wp-content\/uploads\/2023\/06\/imagen-40-300x169.png 300w\" sizes=\"auto, (max-width: 696px) 100vw, 696px\" \/><\/figure>\n\n\n\n<p>Ferraris hab\u00eda sido contratado por la empresa Agro Spray, que brinda servicios agr\u00edcolas, para que ejecutara una exhibici\u00f3n acrob\u00e1tica durante la muestra de Agronea. Con esta empresa, Ferraris hab\u00eda hecho una demostraci\u00f3n hace seis d\u00edas en su ciudad natal.<\/p>\n\n\n\n<p>En su cuenta de Instagram (<a href=\"https:\/\/www.instagram.com\/leoferraris_airshow\/\">@leoferraris_airshow<\/a>) compart\u00eda videos de sus acrobacias, sobre todo las demostraciones que hac\u00eda durante la noche. Su pasi\u00f3n por los aviones la hered\u00f3 de su padre, tambi\u00e9n llamado Leandro Ferraris, due\u00f1o de la empresa aeroespacial HF Aviaci\u00f3n.<\/p>\n\n\n\n<p>Por lo que se puede observar en la cuenta de Leandro Ferraris, \u00e9l y Tuymans volaban juntos con frecuencia.<\/p>\n\n\n\n<p>La Polic\u00eda inform\u00f3 en una rueda de prensa que el Juzgado Federal y la Fuerza A\u00e9rea Argentina intervinieron en el caso. La investigaci\u00f3n sigue en curso, pero a\u00fan se desconocen las causas del accidente.<\/p>\n\n\n\n<p>La tragedia ocurri\u00f3 cerca del mediod\u00eda de este viernes, en el mismo momento en que el gobernador Jorge Capitanich, daba un discurso en el marco de la apertura de la feria Agronea.<\/p>\n","protected":false},"excerpt":{"rendered":"<p>Los dos tripulantes que murieron durante una maniobra a\u00e9rea en el acto de Agronea eran oriundos del partido bonaerense 25 de Mayo. Se trataba del&hellip; <\/p>\n","protected":false},"author":2,"featured_media":582,"comment_status":"open","ping_status":"open","sticky":false,"template":"","format":"standard","meta":{"footnotes":""},"categories":[9,2],"tags":[],"class_list":["post-581","post","type-post","status-publish","format-standard","has-post-thumbnail","hentry","category-destacadas","category-provinciales"],"_links":{"self":[{"href":"https:\/\/lametro989.com\/index.php?rest_route=\/wp\/v2\/posts\/581","targetHints":{"allow":["GET"]}}],"collection":[{"href":"https:\/\/lametro989.com\/index.php?rest_route=\/wp\/v2\/posts"}],"about":[{"href":"https:\/\/lametro989.com\/index.php?rest_route=\/wp\/v2\/types\/post"}],"author":[{"embeddable":true,"href":"https:\/\/lametro989.com\/index.php?rest_route=\/wp\/v2\/users\/2"}],"replies":[{"embeddable":true,"href":"https:\/\/lametro989.com\/index.php?rest_route=%2Fwp%2Fv2%2Fcomments&post=581"}],"version-history":[{"count":1,"href":"https:\/\/lametro989.com\/index.php?rest_route=\/wp\/v2\/posts\/581\/revisions"}],"predecessor-version":[{"id":583,"href":"https:\/\/lametro989.com\/index.php?rest_route=\/wp\/v2\/posts\/581\/revisions\/583"}],"wp:featuredmedia":[{"embeddable":true,"href":"https:\/\/lametro989.com\/index.php?rest_route=\/wp\/v2\/media\/582"}],"wp:attachment":[{"href":"https:\/\/lametro989.com\/index.php?rest_route=%2Fwp%2Fv2%2Fmedia&parent=581"}],"wp:term":[{"taxonomy":"category","embeddable":true,"href":"https:\/\/lametro989.com\/index.php?rest_route=%2Fwp%2Fv2%2Fcategories&post=581"},{"taxonomy":"post_tag","embeddable":true,"href":"https:\/\/lametro989.com\/index.php?rest_route=%2Fwp%2Fv2%2Ftags&post=581"}],"curies":[{"name":"wp","href":"https:\/\/api.w.org\/{rel}","templated":true}]}}